{"id":376,"date":"2025-01-27T16:14:04","date_gmt":"2025-01-27T15:14:04","guid":{"rendered":"https:\/\/www.anpimauriziogiglio.it\/wordpress\/?p=376"},"modified":"2025-06-05T13:05:53","modified_gmt":"2025-06-05T11:05:53","slug":"olindo-emilio-cellurale","status":"publish","type":"post","link":"https:\/\/www.anpimauriziogiglio.it\/wordpress\/index.php\/2025\/01\/27\/olindo-emilio-cellurale\/","title":{"rendered":"OLINDO E EMILIO CELLURALE"},"content":{"rendered":"<p><section data-bb-version=\"5.2.5\" id=\"bt_bb_section69f361cb59571\" class=\"bt_bb_section bt_bb_layout_boxed_1200\"  data-bt-override-class=\"null\"><div class=\"bt_bb_port\"><div class=\"bt_bb_cell\"><div class=\"bt_bb_cell_inner\"><div class=\"bt_bb_row \"  data-bt-override-class=\"{}\"><div class=\"bt_bb_row_holder\" ><div data-bb-version=\"5.2.5\"  class=\"bt_bb_column col-xxl-12 col-xl-12 col-xs-12 col-sm-12 col-md-12 col-lg-12 bt_bb_vertical_align_top bt_bb_align_left bt_bb_padding_normal\" style=\"; --column-width:12;\" data-width=\"12\" data-bt-override-class=\"{}\"><div class=\"bt_bb_column_content\"><div class=\"bt_bb_column_content_inner\"><div data-bb-version=\"5.2.5\"  class=\"bt_bb_text\" ><\/p>\n<p style=\"text-align: center;\"><span style=\"color: #ff0000;\">OLINDO ED EMILIO CELLURALE, I DUE DI SANT\u2019ELENA SANNITA<\/span><\/p>\n<p>Il Commissario di P.S. Luigi Folieri, partigiano della Brigata Argiuna, arrestato dalla Banda Carit\u00e0 e liberato il 26 aprile 1945, venne indicato dal CLN per occupare il ruolo di Questore di Vicenza. In questa veste scrive delle relazioni riguardanti i Commissari in servizio a Vicenza, necessarie per affrontare il giudizio di epurazione. I Commissari Filippo Tomatis e Daniele Bordieri ricevono parole di elogio per la loro attivit\u00e0 patriottica antifascista. Del Commissario Olindo Cellulare si spertica meno in lodi, ma comunque ne esce il ritratto di un antifascista.<\/p>\n<p>Questo cognome per\u00f2 ci incuriosisce: \u00e8 lo stesso di Emilio, Commissario a Parma, noto per la sua attivit\u00e0 di salvataggio di numerosi ebrei.<\/p>\n<p>Sono nati anche nello stesso posto, Sant\u2019Elena Sannita, che quando \u00e8 nato Olindo, nel 1891, si chiamava ancora Cameli. Emilio, che \u00e8 pi\u00f9 giovane, del 1902, ha gi\u00e0 nei suoi documenti il nuovo toponimo. E\u2019 un piccolissimo borgo molisano, conosciuto come \u201cil paese dei profumieri\u201d per l\u2019attivit\u00e0 che svolgevano tanti suoi abitanti.<\/p>\n<p>Sono parenti? Cugini, o addirittura fratelli? Non siamo riusciti ancora a scoprirlo. Di certo sono accumunati da una storia simile. Emilio a Parma, all\u2019Ufficio Stranieri, manomette documenti, ne crea di falsi, e riesce a salvare tante famiglie di ebrei jugoslavi internati.<\/p>\n<p>Olindo, a Vicenza, si prodiga anche lui per salvare gli ebrei vicentini dalla Shoah: ce lo racconta Renzo de Felice nel suo \u201cStoria degli ebrei italiani sotto il fascismo&#8221; e ce lo racconta anche il riconoscimento che gli ebrei milanesi, nel 1955, gli attribuiscono: la \u201cMedaglia d\u2019oro della riconoscenza\u201d \u201cper aver preventivamente informato gli ebrei della sua zona dell&#8217;imminente pericolo di arresto\u201d. La stessa medaglia viene conferita anche a Angelo De Fiore e Giovanni Palatucci, due dei \u201cGiusti fra le Nazioni\u201d della Polizia di Stato.<\/p>\n<p>Forse Sant\u2019Elena Sannita meriterebbe di essere conosciuta anche come \u201cil paese dei Poliziotti Giusti\u201d.<\/p>\n<p>Approfondisci su <a href=\"https:\/\/www.parmateneo.it\/?p=8306\" target=\"_blank\" rel=\"noopener noreferrer nofollow\">Parmateneo<\/a>, il settimanale degli studenti dell&#8217;Universit\u00e0 di Parma,e sul <a href=\"https:\/\/digital-library.cdec.it\/cdec-web\/storico\/detail\/IT-CDEC-ST0038-000037\/cellurale-olindo.html\" target=\"_blank\" rel=\"noopener noreferrer nofollow\">Centro di Documentazione Ebraica Contemporanea<\/a>.<\/p>\n<p>&nbsp;<\/p>\n<p>\n<\/div><\/div><\/div><\/div><\/div><\/div><\/div><!-- cell_inner --><\/div><!-- cell --><\/div><!-- port --><\/section><section data-bb-version=\"5.3.7\" id=\"bt_bb_section69f361cb5992b\" class=\"bt_bb_section bt_bb_layout_boxed_1200\"  data-bt-override-class=\"null\"><div class=\"bt_bb_port\"><div class=\"bt_bb_cell\"><div class=\"bt_bb_cell_inner\"><div class=\"bt_bb_row \"  data-bt-override-class=\"{}\"><div class=\"bt_bb_row_holder\" ><div data-bb-version=\"5.3.7\"  class=\"bt_bb_column col-xxl-12 col-xl-12 col-xs-12 col-sm-12 col-md-12 col-lg-12 bt_bb_vertical_align_top bt_bb_align_left bt_bb_padding_normal\" style=\"; --column-width:12;\" data-width=\"12\" data-bt-override-class=\"{}\"><div class=\"bt_bb_column_content\"><div class=\"bt_bb_column_content_inner\"><div data-bb-version=\"5.3.7\" class=\"bt_bb_button bt_bb_icon_position_left bt_bb_style_outline bt_bb_size_small bt_bb_width_inline bt_bb_shape_inherit bt_bb_target_self bt_bb_text_transform_inherit bt_bb_align_inherit\" data-bt-override-class=\"{&quot;bt_bb_size_&quot;:{&quot;current_class&quot;:&quot;bt_bb_size_small&quot;,&quot;def&quot;:&quot;small&quot;},&quot;bt_bb_align_&quot;:{&quot;current_class&quot;:&quot;bt_bb_align_inherit&quot;,&quot;def&quot;:&quot;inherit&quot;},&quot;bt_bb_animation_&quot;:{&quot;current_class&quot;:&quot;bt_bb_animation_no_animation&quot;,&quot;def&quot;:&quot;no_animation&quot;}}\"><a href=\"https:\/\/www.anpimauriziogiglio.it\/wordpress\/index.php\/le_storie\/\" target=\"_self\" class=\"bt_bb_link\" title=\"TORNA ALLELENCO\"><span class=\"bt_bb_button_text\" >TORNA ALLELENCO<\/span><span  data-ico-fa=\"&#xf0c9;\" class=\"bt_bb_icon_holder\"><\/span><\/a><\/div><\/div><\/div><\/div><\/div><\/div><\/div><!-- cell_inner --><\/div><!-- cell --><\/div><!-- port --><\/section><\/p>\n","protected":false},"excerpt":{"rendered":"","protected":false},"author":4,"featured_media":389,"comment_status":"closed","ping_status":"closed","sticky":false,"template":"","format":"standard","meta":{"advanced_seo_description":"","jetpack_seo_html_title":"","jetpack_seo_noindex":false,"_jetpack_memberships_contains_paid_content":false,"footnotes":"","jetpack_publicize_message":"","jetpack_publicize_feature_enabled":true,"jetpack_social_post_already_shared":true,"jetpack_social_options":{"image_generator_settings":{"template":"highway","default_image_id":0,"font":"","enabled":false},"version":2},"beyondwords_generate_audio":"1","beyondwords_integration_method":"","beyondwords_project_id":"48285","beyondwords_content_id":"00dbdec8-4542-49d6-b900-3a9363622f03","beyondwords_preview_token":"d0ca3291-dbb3-42db-865a-1061a3f4e7b3","beyondwords_player_content":"","beyondwords_player_style":"standard","beyondwords_language_code":"it_IT","beyondwords_language_id":"","beyondwords_title_voice_id":"2101","beyondwords_body_voice_id":"2101","beyondwords_summary_voice_id":"2101","beyondwords_error_message":"","beyondwords_disabled":"","beyondwords_delete_content":"","beyondwords_podcast_id":"","beyondwords_hash":"","publish_post_to_speechkit":"","speechkit_hash":"","speechkit_generate_audio":"","speechkit_project_id":"","speechkit_podcast_id":"","speechkit_error_message":"","speechkit_disabled":"","speechkit_access_key":"","speechkit_error":"","speechkit_info":"","speechkit_response":"","speechkit_retries":"","speechkit_status":"","speechkit_updated_at":"","_speechkit_link":"","_speechkit_text":""},"categories":[18],"tags":[],"class_list":["post-376","post","type-post","status-publish","format-standard","has-post-thumbnail","hentry","category-storie"],"jetpack_publicize_connections":[],"jetpack_featured_media_url":"https:\/\/www.anpimauriziogiglio.it\/wordpress\/wp-content\/uploads\/2025\/01\/FOTO-EMILIO-CELLURALE.jpg","jetpack_sharing_enabled":true,"_links":{"self":[{"href":"https:\/\/www.anpimauriziogiglio.it\/wordpress\/index.php\/wp-json\/wp\/v2\/posts\/376","targetHints":{"allow":["GET"]}}],"collection":[{"href":"https:\/\/www.anpimauriziogiglio.it\/wordpress\/index.php\/wp-json\/wp\/v2\/posts"}],"about":[{"href":"https:\/\/www.anpimauriziogiglio.it\/wordpress\/index.php\/wp-json\/wp\/v2\/types\/post"}],"author":[{"embeddable":true,"href":"https:\/\/www.anpimauriziogiglio.it\/wordpress\/index.php\/wp-json\/wp\/v2\/users\/4"}],"replies":[{"embeddable":true,"href":"https:\/\/www.anpimauriziogiglio.it\/wordpress\/index.php\/wp-json\/wp\/v2\/comments?post=376"}],"version-history":[{"count":8,"href":"https:\/\/www.anpimauriziogiglio.it\/wordpress\/index.php\/wp-json\/wp\/v2\/posts\/376\/revisions"}],"predecessor-version":[{"id":706,"href":"https:\/\/www.anpimauriziogiglio.it\/wordpress\/index.php\/wp-json\/wp\/v2\/posts\/376\/revisions\/706"}],"wp:featuredmedia":[{"embeddable":true,"href":"https:\/\/www.anpimauriziogiglio.it\/wordpress\/index.php\/wp-json\/wp\/v2\/media\/389"}],"wp:attachment":[{"href":"https:\/\/www.anpimauriziogiglio.it\/wordpress\/index.php\/wp-json\/wp\/v2\/media?parent=376"}],"wp:term":[{"taxonomy":"category","embeddable":true,"href":"https:\/\/www.anpimauriziogiglio.it\/wordpress\/index.php\/wp-json\/wp\/v2\/categories?post=376"},{"taxonomy":"post_tag","embeddable":true,"href":"https:\/\/www.anpimauriziogiglio.it\/wordpress\/index.php\/wp-json\/wp\/v2\/tags?post=376"}],"curies":[{"name":"wp","href":"https:\/\/api.w.org\/{rel}","templated":true}]}}