{"id":450,"date":"2025-01-31T22:13:38","date_gmt":"2025-01-31T21:13:38","guid":{"rendered":"https:\/\/www.anpimauriziogiglio.it\/wordpress\/?p=450"},"modified":"2025-06-05T13:10:10","modified_gmt":"2025-06-05T11:10:10","slug":"vito-maiorca","status":"publish","type":"post","link":"https:\/\/www.anpimauriziogiglio.it\/wordpress\/index.php\/2025\/01\/31\/vito-maiorca\/","title":{"rendered":"VITO MAIORCA"},"content":{"rendered":"<p><section data-bb-version=\"5.2.5\" id=\"bt_bb_section69f2d6880a0f0\" class=\"bt_bb_section bt_bb_layout_boxed_1200\"  data-bt-override-class=\"null\"><div class=\"bt_bb_port\"><div class=\"bt_bb_cell\"><div class=\"bt_bb_cell_inner\"><div class=\"bt_bb_row \"  data-bt-override-class=\"{}\"><div class=\"bt_bb_row_holder\" ><div data-bb-version=\"5.2.5\"  class=\"bt_bb_column col-xxl-12 col-xl-12 col-xs-12 col-sm-12 col-md-12 col-lg-12 bt_bb_vertical_align_top bt_bb_align_left bt_bb_padding_normal\" style=\"; --column-width:12;\" data-width=\"12\" data-bt-override-class=\"{}\"><div class=\"bt_bb_column_content\"><div class=\"bt_bb_column_content_inner\"><div data-bb-version=\"5.2.5\"  class=\"bt_bb_text\" ><\/p>\n<p style=\"text-align: center;\"><span style=\"color: #ff0000;\">VITO MAIORCA<\/span><\/p>\n<p>Lo confesso: mi sarebbe piaciuto conoscerlo. Una persona che si \u00e8 trovata in certi crocevia della Storia non poteva essere una persona comune.<\/p>\n<p>Era il Tenente della Polizia dell&#8217;Africa Italiana Vito Maiorca, della Stazione di Trastevere. Faceva parte dell\u2019organizzazione militare partigiana del Partito Socialista.<\/p>\n<p><img loading=\"lazy\" decoding=\"async\" data-attachment-id=\"453\" data-permalink=\"https:\/\/www.anpimauriziogiglio.it\/wordpress\/index.php\/2025\/01\/31\/vito-maiorca\/pertini-maiorca\/\" data-orig-file=\"https:\/\/www.anpimauriziogiglio.it\/wordpress\/wp-content\/uploads\/2025\/01\/pertini-MAIORCA-e1738356705997.jpeg\" data-orig-size=\"1440,1334\" data-comments-opened=\"0\" data-image-meta=\"{&quot;aperture&quot;:&quot;0&quot;,&quot;credit&quot;:&quot;&quot;,&quot;camera&quot;:&quot;&quot;,&quot;caption&quot;:&quot;&quot;,&quot;created_timestamp&quot;:&quot;0&quot;,&quot;copyright&quot;:&quot;&quot;,&quot;focal_length&quot;:&quot;0&quot;,&quot;iso&quot;:&quot;0&quot;,&quot;shutter_speed&quot;:&quot;0&quot;,&quot;title&quot;:&quot;&quot;,&quot;orientation&quot;:&quot;0&quot;}\" data-image-title=\"pertini MAIORCA\" data-image-description=\"\" data-image-caption=\"\" data-medium-file=\"https:\/\/www.anpimauriziogiglio.it\/wordpress\/wp-content\/uploads\/2025\/01\/pertini-MAIORCA-e1738356705997-300x278.jpeg\" data-large-file=\"https:\/\/www.anpimauriziogiglio.it\/wordpress\/wp-content\/uploads\/2025\/01\/pertini-MAIORCA-e1738356705997-1024x949.jpeg\" class=\"alignleft wp-image-453 size-medium\" src=\"https:\/\/www.anpimauriziogiglio.it\/wordpress\/wp-content\/uploads\/2025\/01\/pertini-MAIORCA-e1738356705997-300x278.jpeg\" alt=\"\" width=\"300\" height=\"278\" srcset=\"https:\/\/www.anpimauriziogiglio.it\/wordpress\/wp-content\/uploads\/2025\/01\/pertini-MAIORCA-e1738356705997-300x278.jpeg 300w, https:\/\/www.anpimauriziogiglio.it\/wordpress\/wp-content\/uploads\/2025\/01\/pertini-MAIORCA-e1738356705997-1024x949.jpeg 1024w, https:\/\/www.anpimauriziogiglio.it\/wordpress\/wp-content\/uploads\/2025\/01\/pertini-MAIORCA-e1738356705997-768x711.jpeg 768w, https:\/\/www.anpimauriziogiglio.it\/wordpress\/wp-content\/uploads\/2025\/01\/pertini-MAIORCA-e1738356705997.jpeg 1440w\" sizes=\"auto, (max-width: 300px) 100vw, 300px\" \/>Innanzi tutto, fu uno dei protagonisti, il 24 gennaio del \u201944, della fuga di Sandro Pertini, Giuseppe Saragat e altri cinque prigionieri socialisti dal Carcere di Regina Coeli. E\u2019 dalla Caserma di Trastevere che parte la famosa telefonata che avvalora i falsi ordini di scarcerazione per i sette detenuti, e il <img loading=\"lazy\" decoding=\"async\" data-attachment-id=\"452\" data-permalink=\"https:\/\/www.anpimauriziogiglio.it\/wordpress\/index.php\/2025\/01\/31\/vito-maiorca\/vassalli-maiorca\/\" data-orig-file=\"https:\/\/www.anpimauriziogiglio.it\/wordpress\/wp-content\/uploads\/2025\/01\/vassalli-MAIORCA.jpeg\" data-orig-size=\"1255,961\" data-comments-opened=\"0\" data-image-meta=\"{&quot;aperture&quot;:&quot;0&quot;,&quot;credit&quot;:&quot;&quot;,&quot;camera&quot;:&quot;&quot;,&quot;caption&quot;:&quot;&quot;,&quot;created_timestamp&quot;:&quot;0&quot;,&quot;copyright&quot;:&quot;&quot;,&quot;focal_length&quot;:&quot;0&quot;,&quot;iso&quot;:&quot;0&quot;,&quot;shutter_speed&quot;:&quot;0&quot;,&quot;title&quot;:&quot;&quot;,&quot;orientation&quot;:&quot;0&quot;}\" data-image-title=\"vassalli MAIORCA\" data-image-description=\"\" data-image-caption=\"\" data-medium-file=\"https:\/\/www.anpimauriziogiglio.it\/wordpress\/wp-content\/uploads\/2025\/01\/vassalli-MAIORCA-300x230.jpeg\" data-large-file=\"https:\/\/www.anpimauriziogiglio.it\/wordpress\/wp-content\/uploads\/2025\/01\/vassalli-MAIORCA-1024x784.jpeg\" class=\"size-medium wp-image-452 alignright\" src=\"https:\/\/www.anpimauriziogiglio.it\/wordpress\/wp-content\/uploads\/2025\/01\/vassalli-MAIORCA-300x230.jpeg\" alt=\"\" width=\"300\" height=\"230\" srcset=\"https:\/\/www.anpimauriziogiglio.it\/wordpress\/wp-content\/uploads\/2025\/01\/vassalli-MAIORCA-300x230.jpeg 300w, https:\/\/www.anpimauriziogiglio.it\/wordpress\/wp-content\/uploads\/2025\/01\/vassalli-MAIORCA-1024x784.jpeg 1024w, https:\/\/www.anpimauriziogiglio.it\/wordpress\/wp-content\/uploads\/2025\/01\/vassalli-MAIORCA.jpeg 1255w\" sizes=\"auto, (max-width: 300px) 100vw, 300px\" \/> Tenente Maiorca era parte del complotto, con un ruolo che forse la storiografia ufficiale dell\u2019evento ha sottovalutato, ma che di certo non fu dimenticato dallo stesso Pertini, come dimostra la dedica che vi mostriamo nella foto, ed il ricordo che, alla sua morte, \u00e8 nel necrologio fatto pubblicare dal Professor Giuliano Vassalli. La sua attivit\u00e0 per la Resistenza Romana non pass\u00f2 purtroppo inosservata ai nazisti, e fu cos\u00ec che Vito Maiorca fu catturato nell\u2019aprile 1944 ed imprigionato a Via Tasso, dove, come ci narra la relazione del Partito Socialista, \u201cmalgrado il durissimo maltrattamento subito\u201d tacque i nomi degli altri uomini della Polizia dell&#8217;Africa Italiana appartenenti al P.S.I.<\/p>\n<p><img loading=\"lazy\" decoding=\"async\" data-attachment-id=\"456\" data-permalink=\"https:\/\/www.anpimauriziogiglio.it\/wordpress\/index.php\/2025\/01\/31\/vito-maiorca\/relazione-psi-1-maiorca\/\" data-orig-file=\"https:\/\/www.anpimauriziogiglio.it\/wordpress\/wp-content\/uploads\/2025\/01\/relazione-psi-1-MAIORCA.jpg\" data-orig-size=\"897,326\" data-comments-opened=\"0\" data-image-meta=\"{&quot;aperture&quot;:&quot;0&quot;,&quot;credit&quot;:&quot;&quot;,&quot;camera&quot;:&quot;&quot;,&quot;caption&quot;:&quot;&quot;,&quot;created_timestamp&quot;:&quot;0&quot;,&quot;copyright&quot;:&quot;&quot;,&quot;focal_length&quot;:&quot;0&quot;,&quot;iso&quot;:&quot;0&quot;,&quot;shutter_speed&quot;:&quot;0&quot;,&quot;title&quot;:&quot;&quot;,&quot;orientation&quot;:&quot;0&quot;}\" data-image-title=\"relazione psi 1 MAIORCA\" data-image-description=\"\" data-image-caption=\"\" data-medium-file=\"https:\/\/www.anpimauriziogiglio.it\/wordpress\/wp-content\/uploads\/2025\/01\/relazione-psi-1-MAIORCA-300x109.jpg\" data-large-file=\"https:\/\/www.anpimauriziogiglio.it\/wordpress\/wp-content\/uploads\/2025\/01\/relazione-psi-1-MAIORCA.jpg\" class=\"size-medium wp-image-456 aligncenter\" src=\"https:\/\/www.anpimauriziogiglio.it\/wordpress\/wp-content\/uploads\/2025\/01\/relazione-psi-1-MAIORCA-300x109.jpg\" alt=\"\" width=\"300\" height=\"109\" srcset=\"https:\/\/www.anpimauriziogiglio.it\/wordpress\/wp-content\/uploads\/2025\/01\/relazione-psi-1-MAIORCA-300x109.jpg 300w, https:\/\/www.anpimauriziogiglio.it\/wordpress\/wp-content\/uploads\/2025\/01\/relazione-psi-1-MAIORCA.jpg 897w\" sizes=\"auto, (max-width: 300px) 100vw, 300px\" \/><img loading=\"lazy\" decoding=\"async\" data-attachment-id=\"455\" data-permalink=\"https:\/\/www.anpimauriziogiglio.it\/wordpress\/index.php\/2025\/01\/31\/vito-maiorca\/relazione-psi-2-maiorca\/\" data-orig-file=\"https:\/\/www.anpimauriziogiglio.it\/wordpress\/wp-content\/uploads\/2025\/01\/relazione-psi-2-MAIORCA.jpg\" data-orig-size=\"873,234\" data-comments-opened=\"0\" data-image-meta=\"{&quot;aperture&quot;:&quot;0&quot;,&quot;credit&quot;:&quot;&quot;,&quot;camera&quot;:&quot;&quot;,&quot;caption&quot;:&quot;&quot;,&quot;created_timestamp&quot;:&quot;0&quot;,&quot;copyright&quot;:&quot;&quot;,&quot;focal_length&quot;:&quot;0&quot;,&quot;iso&quot;:&quot;0&quot;,&quot;shutter_speed&quot;:&quot;0&quot;,&quot;title&quot;:&quot;&quot;,&quot;orientation&quot;:&quot;0&quot;}\" data-image-title=\"relazione psi 2 MAIORCA\" data-image-description=\"\" data-image-caption=\"\" data-medium-file=\"https:\/\/www.anpimauriziogiglio.it\/wordpress\/wp-content\/uploads\/2025\/01\/relazione-psi-2-MAIORCA-300x80.jpg\" data-large-file=\"https:\/\/www.anpimauriziogiglio.it\/wordpress\/wp-content\/uploads\/2025\/01\/relazione-psi-2-MAIORCA.jpg\" class=\"size-medium wp-image-455 aligncenter\" src=\"https:\/\/www.anpimauriziogiglio.it\/wordpress\/wp-content\/uploads\/2025\/01\/relazione-psi-2-MAIORCA-300x80.jpg\" alt=\"\" width=\"300\" height=\"80\" srcset=\"https:\/\/www.anpimauriziogiglio.it\/wordpress\/wp-content\/uploads\/2025\/01\/relazione-psi-2-MAIORCA-300x80.jpg 300w, https:\/\/www.anpimauriziogiglio.it\/wordpress\/wp-content\/uploads\/2025\/01\/relazione-psi-2-MAIORCA.jpg 873w\" sizes=\"auto, (max-width: 300px) 100vw, 300px\" \/>Della sua prigionia in Via Tasso c\u2019\u00e8 una traccia impressionante : il suo cognome inciso con chiss\u00e0 quale strumento sul muro di una delle stanze \u201cdi rigore\u201d.<\/p>\n<p><img loading=\"lazy\" decoding=\"async\" data-attachment-id=\"454\" data-permalink=\"https:\/\/www.anpimauriziogiglio.it\/wordpress\/index.php\/2025\/01\/31\/vito-maiorca\/graffito-maiorca\/\" data-orig-file=\"https:\/\/www.anpimauriziogiglio.it\/wordpress\/wp-content\/uploads\/2025\/01\/graffito-MAIORCA.jpeg\" data-orig-size=\"1024,768\" data-comments-opened=\"0\" data-image-meta=\"{&quot;aperture&quot;:&quot;0&quot;,&quot;credit&quot;:&quot;&quot;,&quot;camera&quot;:&quot;&quot;,&quot;caption&quot;:&quot;&quot;,&quot;created_timestamp&quot;:&quot;0&quot;,&quot;copyright&quot;:&quot;&quot;,&quot;focal_length&quot;:&quot;0&quot;,&quot;iso&quot;:&quot;0&quot;,&quot;shutter_speed&quot;:&quot;0&quot;,&quot;title&quot;:&quot;&quot;,&quot;orientation&quot;:&quot;0&quot;}\" data-image-title=\"graffito MAIORCA\" data-image-description=\"\" data-image-caption=\"\" data-medium-file=\"https:\/\/www.anpimauriziogiglio.it\/wordpress\/wp-content\/uploads\/2025\/01\/graffito-MAIORCA-300x225.jpeg\" data-large-file=\"https:\/\/www.anpimauriziogiglio.it\/wordpress\/wp-content\/uploads\/2025\/01\/graffito-MAIORCA.jpeg\" class=\"size-medium wp-image-454 alignleft\" src=\"https:\/\/www.anpimauriziogiglio.it\/wordpress\/wp-content\/uploads\/2025\/01\/graffito-MAIORCA-300x225.jpeg\" alt=\"\" width=\"300\" height=\"225\" srcset=\"https:\/\/www.anpimauriziogiglio.it\/wordpress\/wp-content\/uploads\/2025\/01\/graffito-MAIORCA-300x225.jpeg 300w, https:\/\/www.anpimauriziogiglio.it\/wordpress\/wp-content\/uploads\/2025\/01\/graffito-MAIORCA.jpeg 1024w\" sizes=\"auto, (max-width: 300px) 100vw, 300px\" \/><\/p>\n<p style=\"text-align: left;\">Sono i primi giorni di giugno. I prigionieri di Via Tasso vengono caricati dalle SS sui camion per la fuga da Roma ormai in procinto di essere liberata. Uno di questi camion si rompe, e i prigionieri riportati all\u2019interno della prigione. Altri\u00a0partono, uno di questi si ferma a La Storta e qui si\u00a0compie l\u2019ultimo eccidio di Roma liberata: 14 fucilati, tra i quali Bruno Buozzi. Vito Maiorca era sul camion che ha avuto il guasto.<br \/>\nIl Tenente Maiorca, sciolta la Polizia dell&#8217;Africa Italiana, diventa nel dopoguerra vice Commissario della Pubblica Sicurezza, e lo mandano a dirigere il Commissariato di Viareggio. E qui, un altro crocevia della Storia dolorosa di quegli anni: il vice Commissario \u00e8 il primo a svolgere indagini sull\u2019eccidio di Sant\u2019Anna di Stazzema. La relazione inviata alla Procura della Corte d\u2019Assise Straordinaria di Lucca \u00e8 visibile tramite il <a href=\"https:\/\/www.anpimauriziogiglio.it\/wordpress\/wp-content\/uploads\/Documenti\/relazione-majorca.pdf\" target=\"_blank\" rel=\"noopener\">link<\/a> (<em>Fonte: www.toscananovecento.it)<\/em>. Se riuscirete a leggerla \u2013 la qualit\u00e0 non \u00e8 buonissima &#8211; vi accorgerete che non \u00e8 un\u2019arida relazione per indagini svolte per mero dovere: ma un dolente racconto che tanto ci restituisce di quegli anni e di quell\u2019orrore, e anche della figura di quest\u2019Uomo.<\/p>\n<p style=\"text-align: left;\">Ringraziamo la Signora Elisabetta Maiorca, figlia di Vito, per l\u2019autorizzazione a pubblicare la dedica di Sandro Pertini e il necrologio pubblicato da Giuliano Vassalli.<\/p>\n<p>&nbsp;<\/p>\n<p>&nbsp;<\/p>\n<p>\n<\/div><\/div><\/div><\/div><\/div><\/div><\/div><!-- cell_inner --><\/div><!-- cell --><\/div><!-- port --><\/section><section data-bb-version=\"5.2.5\" id=\"bt_bb_section69f2d6880a61c\" class=\"bt_bb_section bt_bb_layout_boxed_1200\"  data-bt-override-class=\"null\"><div class=\"bt_bb_port\"><div class=\"bt_bb_cell\"><div class=\"bt_bb_cell_inner\"><div class=\"bt_bb_row \"  data-bt-override-class=\"{}\"><div class=\"bt_bb_row_holder\" ><div data-bb-version=\"5.2.5\"  class=\"bt_bb_column col-xxl-12 col-xl-12 col-xs-12 col-sm-12 col-md-12 col-lg-12 bt_bb_vertical_align_top bt_bb_align_left bt_bb_padding_normal\" style=\"; --column-width:12;\" data-width=\"12\" data-bt-override-class=\"{}\"><div class=\"bt_bb_column_content\"><div class=\"bt_bb_column_content_inner\"><div data-bb-version=\"5.3.7\" class=\"bt_bb_button bt_bb_icon_position_left bt_bb_style_outline bt_bb_size_small bt_bb_width_inline bt_bb_shape_inherit bt_bb_target_self bt_bb_text_transform_inherit bt_bb_align_inherit\" data-bt-override-class=\"{&quot;bt_bb_size_&quot;:{&quot;current_class&quot;:&quot;bt_bb_size_small&quot;,&quot;def&quot;:&quot;small&quot;},&quot;bt_bb_align_&quot;:{&quot;current_class&quot;:&quot;bt_bb_align_inherit&quot;,&quot;def&quot;:&quot;inherit&quot;},&quot;bt_bb_animation_&quot;:{&quot;current_class&quot;:&quot;bt_bb_animation_no_animation&quot;,&quot;def&quot;:&quot;no_animation&quot;}}\"><a href=\"https:\/\/www.anpimauriziogiglio.it\/wordpress\/index.php\/le_storie\/\" target=\"_self\" class=\"bt_bb_link\" title=\"TORNA ALLELENCO\"><span class=\"bt_bb_button_text\" >TORNA ALLELENCO<\/span><span  data-ico-fa=\"&#xf0c9;\" class=\"bt_bb_icon_holder\"><\/span><\/a><\/div><\/div><\/div><\/div><\/div><\/div><\/div><!-- cell_inner --><\/div><!-- cell --><\/div><!-- port --><\/section><\/p>\n","protected":false},"excerpt":{"rendered":"","protected":false},"author":4,"featured_media":454,"comment_status":"closed","ping_status":"closed","sticky":false,"template":"","format":"standard","meta":{"advanced_seo_description":"","jetpack_seo_html_title":"","jetpack_seo_noindex":false,"_jetpack_memberships_contains_paid_content":false,"footnotes":"","jetpack_publicize_message":"","jetpack_publicize_feature_enabled":true,"jetpack_social_post_already_shared":true,"jetpack_social_options":{"image_generator_settings":{"template":"highway","default_image_id":0,"font":"","enabled":false},"version":2},"beyondwords_generate_audio":"1","beyondwords_integration_method":"","beyondwords_project_id":"48285","beyondwords_content_id":"2ea7101c-6036-4b95-9ce5-bdebab88c848","beyondwords_preview_token":"3b923f60-f853-46b3-a5df-ec73e8391cec","beyondwords_player_content":"","beyondwords_player_style":"standard","beyondwords_language_code":"it_IT","beyondwords_language_id":"","beyondwords_title_voice_id":"2101","beyondwords_body_voice_id":"2101","beyondwords_summary_voice_id":"2101","beyondwords_error_message":"#404: Not Found","beyondwords_disabled":"1","beyondwords_delete_content":"","beyondwords_podcast_id":"","beyondwords_hash":"","publish_post_to_speechkit":"","speechkit_hash":"","speechkit_generate_audio":"","speechkit_project_id":"","speechkit_podcast_id":"","speechkit_error_message":"","speechkit_disabled":"","speechkit_access_key":"","speechkit_error":"","speechkit_info":"","speechkit_response":"","speechkit_retries":"","speechkit_status":"","speechkit_updated_at":"","_speechkit_link":"","_speechkit_text":""},"categories":[18],"tags":[],"class_list":["post-450","post","type-post","status-publish","format-standard","has-post-thumbnail","hentry","category-storie"],"jetpack_publicize_connections":[],"jetpack_featured_media_url":"https:\/\/www.anpimauriziogiglio.it\/wordpress\/wp-content\/uploads\/2025\/01\/graffito-MAIORCA.jpeg","jetpack_sharing_enabled":true,"_links":{"self":[{"href":"https:\/\/www.anpimauriziogiglio.it\/wordpress\/index.php\/wp-json\/wp\/v2\/posts\/450","targetHints":{"allow":["GET"]}}],"collection":[{"href":"https:\/\/www.anpimauriziogiglio.it\/wordpress\/index.php\/wp-json\/wp\/v2\/posts"}],"about":[{"href":"https:\/\/www.anpimauriziogiglio.it\/wordpress\/index.php\/wp-json\/wp\/v2\/types\/post"}],"author":[{"embeddable":true,"href":"https:\/\/www.anpimauriziogiglio.it\/wordpress\/index.php\/wp-json\/wp\/v2\/users\/4"}],"replies":[{"embeddable":true,"href":"https:\/\/www.anpimauriziogiglio.it\/wordpress\/index.php\/wp-json\/wp\/v2\/comments?post=450"}],"version-history":[{"count":7,"href":"https:\/\/www.anpimauriziogiglio.it\/wordpress\/index.php\/wp-json\/wp\/v2\/posts\/450\/revisions"}],"predecessor-version":[{"id":704,"href":"https:\/\/www.anpimauriziogiglio.it\/wordpress\/index.php\/wp-json\/wp\/v2\/posts\/450\/revisions\/704"}],"wp:featuredmedia":[{"embeddable":true,"href":"https:\/\/www.anpimauriziogiglio.it\/wordpress\/index.php\/wp-json\/wp\/v2\/media\/454"}],"wp:attachment":[{"href":"https:\/\/www.anpimauriziogiglio.it\/wordpress\/index.php\/wp-json\/wp\/v2\/media?parent=450"}],"wp:term":[{"taxonomy":"category","embeddable":true,"href":"https:\/\/www.anpimauriziogiglio.it\/wordpress\/index.php\/wp-json\/wp\/v2\/categories?post=450"},{"taxonomy":"post_tag","embeddable":true,"href":"https:\/\/www.anpimauriziogiglio.it\/wordpress\/index.php\/wp-json\/wp\/v2\/tags?post=450"}],"curies":[{"name":"wp","href":"https:\/\/api.w.org\/{rel}","templated":true}]}}