{"id":559,"date":"2025-03-06T09:26:49","date_gmt":"2025-03-06T08:26:49","guid":{"rendered":"https:\/\/www.anpimauriziogiglio.it\/wordpress\/?p=559"},"modified":"2025-06-05T12:45:51","modified_gmt":"2025-06-05T10:45:51","slug":"commissariato_speciale","status":"publish","type":"post","link":"https:\/\/www.anpimauriziogiglio.it\/wordpress\/index.php\/2025\/03\/06\/commissariato_speciale\/","title":{"rendered":"UN COMMISSARIATO DAVVERO SPECIALE"},"content":{"rendered":"<p><section data-bb-version=\"5.2.5\" id=\"bt_bb_section69f3cd4148dc2\" class=\"bt_bb_section bt_bb_layout_boxed_1200\"  data-bt-override-class=\"null\"><div class=\"bt_bb_port\"><div class=\"bt_bb_cell\"><div class=\"bt_bb_cell_inner\"><div class=\"bt_bb_row \"  data-bt-override-class=\"{}\"><div class=\"bt_bb_row_holder\" ><div data-bb-version=\"5.2.5\"  class=\"bt_bb_column col-xxl-12 col-xl-12 col-xs-12 col-sm-12 col-md-12 col-lg-12 bt_bb_vertical_align_middle bt_bb_align_left bt_bb_padding_none\" style=\"; --column-width:12;\" data-width=\"12\" data-bt-override-class=\"{&quot;bt_bb_padding_&quot;:{&quot;current_class&quot;:&quot;bt_bb_padding_none&quot;,&quot;def&quot;:&quot;none&quot;}}\"><div class=\"bt_bb_column_content\"><div class=\"bt_bb_column_content_inner\"><div data-bb-version=\"5.2.5\"  class=\"bt_bb_text\" ><\/p>\n<p>\u00c8 il Regio Commissariato di P.S. a Sulmona. Pensate all\u2019Abruzzo del \u201943, ai suoi monti, alle sue valli, ai piccoli paesi attraversati dal corteo di 60 macchine utilizzato da Vittorio Emanuele III e Badoglio per la loro vergognosa fuga. Di l\u00ec a qualche giorno, sul Gran Sasso, i nazisti pongono fine alla reclusione di Mussolini. <img loading=\"lazy\" decoding=\"async\" data-attachment-id=\"562\" data-permalink=\"https:\/\/www.anpimauriziogiglio.it\/wordpress\/index.php\/2025\/03\/06\/commissariato_speciale\/sulmona1\/\" data-orig-file=\"https:\/\/www.anpimauriziogiglio.it\/wordpress\/wp-content\/uploads\/2025\/03\/sulmona1.jpg\" data-orig-size=\"405,316\" data-comments-opened=\"0\" data-image-meta=\"{&quot;aperture&quot;:&quot;0&quot;,&quot;credit&quot;:&quot;&quot;,&quot;camera&quot;:&quot;&quot;,&quot;caption&quot;:&quot;&quot;,&quot;created_timestamp&quot;:&quot;0&quot;,&quot;copyright&quot;:&quot;&quot;,&quot;focal_length&quot;:&quot;0&quot;,&quot;iso&quot;:&quot;0&quot;,&quot;shutter_speed&quot;:&quot;0&quot;,&quot;title&quot;:&quot;&quot;,&quot;orientation&quot;:&quot;0&quot;}\" data-image-title=\"sulmona1\" data-image-description=\"\" data-image-caption=\"\" data-medium-file=\"https:\/\/www.anpimauriziogiglio.it\/wordpress\/wp-content\/uploads\/2025\/03\/sulmona1-300x234.jpg\" data-large-file=\"https:\/\/www.anpimauriziogiglio.it\/wordpress\/wp-content\/uploads\/2025\/03\/sulmona1.jpg\" class=\" wp-image-562 alignleft\" src=\"https:\/\/www.anpimauriziogiglio.it\/wordpress\/wp-content\/uploads\/2025\/03\/sulmona1-300x234.jpg\" alt=\"\" width=\"353\" height=\"276\" srcset=\"https:\/\/www.anpimauriziogiglio.it\/wordpress\/wp-content\/uploads\/2025\/03\/sulmona1-300x234.jpg 300w, https:\/\/www.anpimauriziogiglio.it\/wordpress\/wp-content\/uploads\/2025\/03\/sulmona1.jpg 405w\" sizes=\"auto, (max-width: 353px) 100vw, 353px\" \/>L\u2019Abruzzo viene tagliato dalla Linea Gustav e la popolazione subisce l\u2019occupazione e il dominio crudele dei nazifascisti, i rastrellamenti, le uccisioni, le razzie. Le bande partigiane nascono per la sopravvivenza, per difendere la gente da angherie, soprusi, dalla morte. \u00a0Due di queste bande operano nella zona della Valle Peligna: la Banda Conca di Sulmona e la Banda Sciuba. Quest\u2019ultima prende il nome dai fratelli Sciuba: Torinto \u00e8 un ufficiale medico, Vincenzo \u00e8 un Commissario di Pubblica Sicurezza. A quanto abbiamo appreso, si trovava in Alta Italia di rientro dalla Dalmazia e sbandato, raggiunse la sua terra d\u2019origine. Qui subito, all\u2019indomani dell\u20198 settembre, organizz\u00f2 con il fratello e gran parte della sua famiglia una banda che aggreg\u00f2 intorno a s\u00e9 tanti altri combattenti per la Libert\u00e0. E\u2019 una figura particolare: per la sua attivit\u00e0 partigiana ricevette ben due medaglie, d\u2019argento e di bronzo.\u00a0 <img loading=\"lazy\" decoding=\"async\" data-attachment-id=\"561\" data-permalink=\"https:\/\/www.anpimauriziogiglio.it\/wordpress\/index.php\/2025\/03\/06\/commissariato_speciale\/sulmona2\/\" data-orig-file=\"https:\/\/www.anpimauriziogiglio.it\/wordpress\/wp-content\/uploads\/2025\/03\/sulmona2.jpg\" data-orig-size=\"606,876\" data-comments-opened=\"0\" data-image-meta=\"{&quot;aperture&quot;:&quot;0&quot;,&quot;credit&quot;:&quot;&quot;,&quot;camera&quot;:&quot;&quot;,&quot;caption&quot;:&quot;&quot;,&quot;created_timestamp&quot;:&quot;0&quot;,&quot;copyright&quot;:&quot;&quot;,&quot;focal_length&quot;:&quot;0&quot;,&quot;iso&quot;:&quot;0&quot;,&quot;shutter_speed&quot;:&quot;0&quot;,&quot;title&quot;:&quot;&quot;,&quot;orientation&quot;:&quot;0&quot;}\" data-image-title=\"sulmona2\" data-image-description=\"\" data-image-caption=\"\" data-medium-file=\"https:\/\/www.anpimauriziogiglio.it\/wordpress\/wp-content\/uploads\/2025\/03\/sulmona2-208x300.jpg\" data-large-file=\"https:\/\/www.anpimauriziogiglio.it\/wordpress\/wp-content\/uploads\/2025\/03\/sulmona2.jpg\" class=\"size-medium wp-image-561 alignright\" src=\"https:\/\/www.anpimauriziogiglio.it\/wordpress\/wp-content\/uploads\/2025\/03\/sulmona2-208x300.jpg\" alt=\"\" width=\"208\" height=\"300\" srcset=\"https:\/\/www.anpimauriziogiglio.it\/wordpress\/wp-content\/uploads\/2025\/03\/sulmona2-208x300.jpg 208w, https:\/\/www.anpimauriziogiglio.it\/wordpress\/wp-content\/uploads\/2025\/03\/sulmona2.jpg 606w\" sizes=\"auto, (max-width: 208px) 100vw, 208px\" \/>Lo ritroviamo a luglio del \u201944, ad Abruzzo liberato, come dirigente del Commissariato di Sulmona: un Commissariato che pi\u00f9 particolare non si pu\u00f2. Nelle nostre ricerche abbiamo scoperto che buona parte dei componenti di quel piccolo Ufficio di P.S. sono stati riconosciuti Partigiani o Patrioti. Il vice Brigadiere Etelvardo Sigismondi, le Guardie Antonio Zarone, Giuseppe Benedetti, Pasquale Susi, Livio Aversa, Arnando D\u2019Alessandro, Giuseppe De Nardis, Riccardo De Stefanis, Rocco Di Cioccio, Luigi Di Nino, Antonio Indiciani, Roberto Manfroni: chi nella Banda Sciuba, chi nella Banda Conca di Sulmona, uno nel Lazio nella Banda Arancio. Per altri nomi di quell\u2019elenco stiamo continuando le ricerche, non escludiamo sorprese.<\/p>\n<p>C\u2019\u00e8 un\u2019altra particolarit\u00e0: l\u2019Abruzzo \u201cforte e gentile\u201d organizza la Brigata Maiella, che dopo la sconfitta dei nazifascisti a giugno del 44, combatte per la \u201cliberazione dei fratelli del Nord\u201d. E raccontava uno dei pi\u00f9 gloriosi combattenti di quella Brigata, Gilberto Malvestuto: \u201cL\u2019allora Questore di Sulmona era Vincenzo Sciuba, il quale a un certo punto fece un avviso: \u201cCittadini di Sulmona, che avete subito nove mesi di dittatura nazifascista, arruolatevi nella Brigata Maiella\u201d. Venne un camion con un guidatore inglese e ci prelev\u00f2 al monumento ai Caduti di Sulmona\u201d. E da l\u00ec la Brigata raccoglie nel suo percorso altri volontari, arriva prima a Recanati e poi risale la fascia adriatica, fino in Emilia Romagna, combattendo per la liberazione di quelle terre.\u00a0 Vincenzo Sciuba \u00e8 con loro, fino alla Liberazione di Bologna, come capitano preposto al Comando Tattico. <img loading=\"lazy\" decoding=\"async\" data-attachment-id=\"560\" data-permalink=\"https:\/\/www.anpimauriziogiglio.it\/wordpress\/index.php\/2025\/03\/06\/commissariato_speciale\/sulmona3\/\" data-orig-file=\"https:\/\/www.anpimauriziogiglio.it\/wordpress\/wp-content\/uploads\/2025\/03\/sulmona3.jpg\" data-orig-size=\"510,329\" data-comments-opened=\"0\" data-image-meta=\"{&quot;aperture&quot;:&quot;0&quot;,&quot;credit&quot;:&quot;&quot;,&quot;camera&quot;:&quot;&quot;,&quot;caption&quot;:&quot;&quot;,&quot;created_timestamp&quot;:&quot;0&quot;,&quot;copyright&quot;:&quot;&quot;,&quot;focal_length&quot;:&quot;0&quot;,&quot;iso&quot;:&quot;0&quot;,&quot;shutter_speed&quot;:&quot;0&quot;,&quot;title&quot;:&quot;&quot;,&quot;orientation&quot;:&quot;0&quot;}\" data-image-title=\"sulmona3\" data-image-description=\"\" data-image-caption=\"\" data-medium-file=\"https:\/\/www.anpimauriziogiglio.it\/wordpress\/wp-content\/uploads\/2025\/03\/sulmona3-300x194.jpg\" data-large-file=\"https:\/\/www.anpimauriziogiglio.it\/wordpress\/wp-content\/uploads\/2025\/03\/sulmona3.jpg\" class=\"size-medium wp-image-560 alignleft\" src=\"https:\/\/www.anpimauriziogiglio.it\/wordpress\/wp-content\/uploads\/2025\/03\/sulmona3-300x194.jpg\" alt=\"\" width=\"300\" height=\"194\" srcset=\"https:\/\/www.anpimauriziogiglio.it\/wordpress\/wp-content\/uploads\/2025\/03\/sulmona3-300x194.jpg 300w, https:\/\/www.anpimauriziogiglio.it\/wordpress\/wp-content\/uploads\/2025\/03\/sulmona3.jpg 510w\" sizes=\"auto, (max-width: 300px) 100vw, 300px\" \/><\/p>\n<p>Il figlio di Vincenzo, Ettore, con il quale abbiamo il piacere di essere in contatto, ci ha raccontato che il suo nome \u00e8 stato scelto dal padre in ricordo di un combattente della Banda Sciuba, il sottotenente dell\u2019Aeronautica Ettore De Corti, per il quale prendiamo in prestito le parole della motivazione della Medaglia d\u2019oro al Valor Militare:\u00a0 \u201cIl gruppo veniva colto di sorpresa da una pattuglia tedesca e solo la pronta reazione del sottotenente De Corti, che abbatteva con la sua pistola un nemico, consentiva alla quasi totalit\u00e0 dei compagni di porsi in salvo mentre egli, a sua volta gravemente ferito, rimaneva sul terreno e veniva, poi, barbaramente trucidato. Suggellava, cos\u00ec, col sacrificio della giovane vita, il giuramento di fedelt\u00e0 alla Patria.\u00bb Ettore De Corti salv\u00f2 la vita dei partigiani della Banda Sciuba e Vincenzo volle ricordarlo per sempre.<\/p>\n<p>&nbsp;<\/p>\n<p>\n<\/div><\/div><\/div><\/div><\/div><\/div><\/div><!-- cell_inner --><\/div><!-- cell --><\/div><!-- port --><\/section><section data-bb-version=\"5.2.5\" id=\"bt_bb_section69f3cd4149392\" class=\"bt_bb_section bt_bb_layout_boxed_1200\"  data-bt-override-class=\"null\"><div class=\"bt_bb_port\"><div class=\"bt_bb_cell\"><div class=\"bt_bb_cell_inner\"><div class=\"bt_bb_row \"  data-bt-override-class=\"{}\"><div class=\"bt_bb_row_holder\" ><div data-bb-version=\"5.2.5\"  class=\"bt_bb_column col-xxl-12 col-xl-12 col-xs-12 col-sm-12 col-md-12 col-lg-12 bt_bb_vertical_align_top bt_bb_align_left bt_bb_padding_normal\" style=\"; --column-width:12;\" data-width=\"12\" data-bt-override-class=\"{}\"><div class=\"bt_bb_column_content\"><div class=\"bt_bb_column_content_inner\"><div data-bb-version=\"5.2.5\" class=\"bt_bb_separator_v2 bt_bb_border_style_none bt_bb_top_spacing_none bt_bb_bottom_spacing_none bt_bb_border_thickness_1 bt_bb_icon_size_normal bt_bb_text_size_normal bt_bb_separator_v2_without_content\" data-bt-override-class=\"{&quot;bt_bb_top_spacing_&quot;:{&quot;current_class&quot;:&quot;bt_bb_top_spacing_none&quot;,&quot;def&quot;:&quot;none&quot;},&quot;bt_bb_bottom_spacing_&quot;:{&quot;current_class&quot;:&quot;bt_bb_bottom_spacing_none&quot;,&quot;def&quot;:&quot;none&quot;},&quot;bt_bb_border_thickness_&quot;:{&quot;current_class&quot;:&quot;bt_bb_border_thickness_1&quot;,&quot;def&quot;:&quot;1&quot;},&quot;bt_bb_icon_size_&quot;:{&quot;current_class&quot;:&quot;bt_bb_icon_size_normal&quot;,&quot;def&quot;:&quot;normal&quot;},&quot;bt_bb_text_size_&quot;:{&quot;current_class&quot;:&quot;bt_bb_text_size_normal&quot;,&quot;def&quot;:&quot;normal&quot;},&quot;bt_bb_animation_&quot;:{&quot;current_class&quot;:&quot;bt_bb_animation_no_animation&quot;,&quot;def&quot;:&quot;no_animation&quot;}}\"><div class=\"bt_bb_separator_v2_inner\"><span class=\"bt_bb_separator_v2_inner_before\"><\/span><span class=\"bt_bb_separator_v2_inner_content\"><span  data-ico-=\"\" class=\"bt_bb_icon_holder\"><\/span><\/span><span class=\"bt_bb_separator_v2_inner_after\"><\/span><\/div><\/div><\/div><\/div><\/div><\/div><\/div><\/div><!-- cell_inner --><\/div><!-- cell --><\/div><!-- port --><\/section><section data-bb-version=\"5.2.5\" id=\"bt_bb_section69f3cd4149aa9\" class=\"bt_bb_section bt_bb_layout_boxed_1200\"  data-bt-override-class=\"null\"><div class=\"bt_bb_port\"><div class=\"bt_bb_cell\"><div class=\"bt_bb_cell_inner\"><div class=\"bt_bb_row \"  data-bt-override-class=\"{}\"><div class=\"bt_bb_row_holder\" ><div data-bb-version=\"5.2.5\"  class=\"bt_bb_column col-xxl-12 col-xl-12 col-xs-12 col-sm-12 col-md-12 col-lg-12 bt_bb_vertical_align_middle bt_bb_align_center bt_bb_padding_none\" style=\"; --column-width:12;\" data-width=\"12\" data-bt-override-class=\"{&quot;bt_bb_align_&quot;:{&quot;current_class&quot;:&quot;bt_bb_align_center&quot;,&quot;def&quot;:&quot;center&quot;},&quot;bt_bb_padding_&quot;:{&quot;current_class&quot;:&quot;bt_bb_padding_none&quot;,&quot;def&quot;:&quot;none&quot;},&quot;bt_bb_animation_&quot;:{&quot;current_class&quot;:&quot;bt_bb_animation_no_animation&quot;,&quot;def&quot;:&quot;no_animation&quot;}}\"><div class=\"bt_bb_column_content\"><div class=\"bt_bb_column_content_inner\"><div data-bb-version=\"5.3.7\" class=\"bt_bb_button bt_bb_icon_position_left bt_bb_style_outline bt_bb_size_small bt_bb_width_inline bt_bb_shape_inherit bt_bb_target_self bt_bb_text_transform_inherit bt_bb_align_inherit\" data-bt-override-class=\"{&quot;bt_bb_size_&quot;:{&quot;current_class&quot;:&quot;bt_bb_size_small&quot;,&quot;def&quot;:&quot;small&quot;},&quot;bt_bb_align_&quot;:{&quot;current_class&quot;:&quot;bt_bb_align_inherit&quot;,&quot;def&quot;:&quot;inherit&quot;},&quot;bt_bb_animation_&quot;:{&quot;current_class&quot;:&quot;bt_bb_animation_no_animation&quot;,&quot;def&quot;:&quot;no_animation&quot;}}\"><a href=\"https:\/\/www.anpimauriziogiglio.it\/wordpress\/index.php\/le_storie\/\" target=\"_self\" class=\"bt_bb_link\" title=\"TORNA ALLELENCO\"><span class=\"bt_bb_button_text\" >TORNA ALLELENCO<\/span><span  data-ico-fa=\"&#xf0c9;\" class=\"bt_bb_icon_holder\"><\/span><\/a><\/div><\/div><\/div><\/div><\/div><\/div><\/div><!-- cell_inner --><\/div><!-- cell --><\/div><!-- port --><\/section><\/p>\n","protected":false},"excerpt":{"rendered":"","protected":false},"author":4,"featured_media":562,"comment_status":"closed","ping_status":"closed","sticky":false,"template":"","format":"standard","meta":{"advanced_seo_description":"","jetpack_seo_html_title":"","jetpack_seo_noindex":false,"_jetpack_memberships_contains_paid_content":false,"footnotes":"","jetpack_publicize_message":"","jetpack_publicize_feature_enabled":true,"jetpack_social_post_already_shared":true,"jetpack_social_options":{"image_generator_settings":{"template":"highway","default_image_id":0,"font":"","enabled":false},"version":2},"beyondwords_generate_audio":"1","beyondwords_integration_method":"","beyondwords_project_id":"48285","beyondwords_content_id":"7669fe17-a14d-4b70-83a0-5548d539484a","beyondwords_preview_token":"45fc13ae-0bb6-4823-a855-1370c5cfd348","beyondwords_player_content":"","beyondwords_player_style":"standard","beyondwords_language_code":"it_IT","beyondwords_language_id":"","beyondwords_title_voice_id":"2101","beyondwords_body_voice_id":"2101","beyondwords_summary_voice_id":"2101","beyondwords_error_message":"","beyondwords_disabled":"1","beyondwords_delete_content":"","beyondwords_podcast_id":"","beyondwords_hash":"","publish_post_to_speechkit":"","speechkit_hash":"","speechkit_generate_audio":"","speechkit_project_id":"","speechkit_podcast_id":"","speechkit_error_message":"","speechkit_disabled":"","speechkit_access_key":"","speechkit_error":"","speechkit_info":"","speechkit_response":"","speechkit_retries":"","speechkit_status":"","speechkit_updated_at":"","_speechkit_link":"","_speechkit_text":""},"categories":[18],"tags":[13,12],"class_list":["post-559","post","type-post","status-publish","format-standard","has-post-thumbnail","hentry","category-storie","tag-partigiani","tag-polizia"],"jetpack_publicize_connections":[],"jetpack_featured_media_url":"https:\/\/www.anpimauriziogiglio.it\/wordpress\/wp-content\/uploads\/2025\/03\/sulmona1.jpg","jetpack_sharing_enabled":true,"_links":{"self":[{"href":"https:\/\/www.anpimauriziogiglio.it\/wordpress\/index.php\/wp-json\/wp\/v2\/posts\/559","targetHints":{"allow":["GET"]}}],"collection":[{"href":"https:\/\/www.anpimauriziogiglio.it\/wordpress\/index.php\/wp-json\/wp\/v2\/posts"}],"about":[{"href":"https:\/\/www.anpimauriziogiglio.it\/wordpress\/index.php\/wp-json\/wp\/v2\/types\/post"}],"author":[{"embeddable":true,"href":"https:\/\/www.anpimauriziogiglio.it\/wordpress\/index.php\/wp-json\/wp\/v2\/users\/4"}],"replies":[{"embeddable":true,"href":"https:\/\/www.anpimauriziogiglio.it\/wordpress\/index.php\/wp-json\/wp\/v2\/comments?post=559"}],"version-history":[{"count":2,"href":"https:\/\/www.anpimauriziogiglio.it\/wordpress\/index.php\/wp-json\/wp\/v2\/posts\/559\/revisions"}],"predecessor-version":[{"id":698,"href":"https:\/\/www.anpimauriziogiglio.it\/wordpress\/index.php\/wp-json\/wp\/v2\/posts\/559\/revisions\/698"}],"wp:featuredmedia":[{"embeddable":true,"href":"https:\/\/www.anpimauriziogiglio.it\/wordpress\/index.php\/wp-json\/wp\/v2\/media\/562"}],"wp:attachment":[{"href":"https:\/\/www.anpimauriziogiglio.it\/wordpress\/index.php\/wp-json\/wp\/v2\/media?parent=559"}],"wp:term":[{"taxonomy":"category","embeddable":true,"href":"https:\/\/www.anpimauriziogiglio.it\/wordpress\/index.php\/wp-json\/wp\/v2\/categories?post=559"},{"taxonomy":"post_tag","embeddable":true,"href":"https:\/\/www.anpimauriziogiglio.it\/wordpress\/index.php\/wp-json\/wp\/v2\/tags?post=559"}],"curies":[{"name":"wp","href":"https:\/\/api.w.org\/{rel}","templated":true}]}}