{"id":566,"date":"2025-03-09T17:33:33","date_gmt":"2025-03-09T16:33:33","guid":{"rendered":"https:\/\/www.anpimauriziogiglio.it\/wordpress\/?p=566"},"modified":"2025-06-05T12:31:24","modified_gmt":"2025-06-05T10:31:24","slug":"quanti_dimenticati","status":"publish","type":"post","link":"https:\/\/www.anpimauriziogiglio.it\/wordpress\/index.php\/2025\/03\/09\/quanti_dimenticati\/","title":{"rendered":"QUANTI DIMENTICATI\u2026."},"content":{"rendered":"<p><section data-bb-version=\"5.2.5\" id=\"bt_bb_section69f3ba74ec051\" class=\"bt_bb_section bt_bb_layout_boxed_1200\"  data-bt-override-class=\"null\"><div class=\"bt_bb_port\"><div class=\"bt_bb_cell\"><div class=\"bt_bb_cell_inner\"><div class=\"bt_bb_row \"  data-bt-override-class=\"{}\"><div class=\"bt_bb_row_holder\" ><div data-bb-version=\"5.2.5\"  class=\"bt_bb_column col-xxl-12 col-xl-12 col-xs-12 col-sm-12 col-md-12 col-lg-12 bt_bb_vertical_align_top bt_bb_align_left bt_bb_padding_normal\" style=\"; --column-width:12;\" data-width=\"12\" data-bt-override-class=\"{}\"><div class=\"bt_bb_column_content\"><div class=\"bt_bb_column_content_inner\"><div data-bb-version=\"5.2.5\"  class=\"bt_bb_text\" ><\/p>\n<p style=\"text-align: center;\"><strong>QUANTI DIMENTICATI\u2026.<\/strong><\/p>\n<p>Chi ha una certa et\u00e0 e ha frequentato le scuole elementari negli anni \u201840 \u201850 e \u201960, ricorder\u00e0 che tante lezioni erano pervase dal ricordo di momenti ed eroismi della Prima Guerra Mondiale. Chi, in quegli anni, non ha sentito parlare, ad esempio, di Enrico Toti? Perde la gamba sinistra sul lavoro, <img loading=\"lazy\" decoding=\"async\" data-attachment-id=\"572\" data-permalink=\"https:\/\/www.anpimauriziogiglio.it\/wordpress\/index.php\/2025\/03\/09\/quanti_dimenticati\/dimenticati1\/\" data-orig-file=\"https:\/\/www.anpimauriziogiglio.it\/wordpress\/wp-content\/uploads\/2025\/03\/dimenticati1.jpg\" data-orig-size=\"579,827\" data-comments-opened=\"0\" data-image-meta=\"{&quot;aperture&quot;:&quot;0&quot;,&quot;credit&quot;:&quot;&quot;,&quot;camera&quot;:&quot;&quot;,&quot;caption&quot;:&quot;&quot;,&quot;created_timestamp&quot;:&quot;0&quot;,&quot;copyright&quot;:&quot;&quot;,&quot;focal_length&quot;:&quot;0&quot;,&quot;iso&quot;:&quot;0&quot;,&quot;shutter_speed&quot;:&quot;0&quot;,&quot;title&quot;:&quot;&quot;,&quot;orientation&quot;:&quot;0&quot;}\" data-image-title=\"dimenticati1\" data-image-description=\"\" data-image-caption=\"\" data-medium-file=\"https:\/\/www.anpimauriziogiglio.it\/wordpress\/wp-content\/uploads\/2025\/03\/dimenticati1-210x300.jpg\" data-large-file=\"https:\/\/www.anpimauriziogiglio.it\/wordpress\/wp-content\/uploads\/2025\/03\/dimenticati1.jpg\" class=\"size-medium wp-image-572 alignright\" src=\"https:\/\/www.anpimauriziogiglio.it\/wordpress\/wp-content\/uploads\/2025\/03\/dimenticati1-210x300.jpg\" alt=\"\" width=\"210\" height=\"300\" srcset=\"https:\/\/www.anpimauriziogiglio.it\/wordpress\/wp-content\/uploads\/2025\/03\/dimenticati1-210x300.jpg 210w, https:\/\/www.anpimauriziogiglio.it\/wordpress\/wp-content\/uploads\/2025\/03\/dimenticati1.jpg 579w\" sizes=\"auto, (max-width: 210px) 100vw, 210px\" \/>ma allo scoppiare della Prima guerra riesce ad essere inserito fra i Bersaglieri e muore in battaglia a Monfalcone. L\u2019iconografia del momento lo mostra sempre gettare la propria gruccia verso il nemico prima di essere mortalmente colpito &#8211; e il particolare \u00e8 ricordato anche nella motivazione della Medaglia d\u2019oro al Valor Militare conferita alla memoria. La mia maestra raccontava che pronunci\u00f2 una frase passata alla Storia, scagliando la gruccia: \u201cNun moro io!\u201d.<br \/>\nFu un Eroe molto celebrato dal Fascismo, che d\u2019altra parte aveva tra i suoi semi anche la retorica della Vittoria Mutilata; fatto sta che non \u00e8 stato dimenticato e ci sono monumenti e lapidi che lo ricordano.<\/p>\n<p>&nbsp;<\/p>\n<p>Proviamo adesso a chiedere : chi \u00e8 Armando Badella?\u00a0 Un partigiano dell\u2019Astigiano, nome di battaglia \u201cTigre\u201d. Di un certo rilievo, visto che diventa presto Comandante di Plotone della 2\u00b0 Divisione Langhe.<br \/>\n<img loading=\"lazy\" decoding=\"async\" data-attachment-id=\"571\" data-permalink=\"https:\/\/www.anpimauriziogiglio.it\/wordpress\/index.php\/2025\/03\/09\/quanti_dimenticati\/dimenticati2\/\" data-orig-file=\"https:\/\/www.anpimauriziogiglio.it\/wordpress\/wp-content\/uploads\/2025\/03\/dimenticati2.jpg\" data-orig-size=\"593,818\" data-comments-opened=\"0\" data-image-meta=\"{&quot;aperture&quot;:&quot;0&quot;,&quot;credit&quot;:&quot;&quot;,&quot;camera&quot;:&quot;&quot;,&quot;caption&quot;:&quot;&quot;,&quot;created_timestamp&quot;:&quot;0&quot;,&quot;copyright&quot;:&quot;&quot;,&quot;focal_length&quot;:&quot;0&quot;,&quot;iso&quot;:&quot;0&quot;,&quot;shutter_speed&quot;:&quot;0&quot;,&quot;title&quot;:&quot;&quot;,&quot;orientation&quot;:&quot;0&quot;}\" data-image-title=\"dimenticati2\" data-image-description=\"\" data-image-caption=\"\" data-medium-file=\"https:\/\/www.anpimauriziogiglio.it\/wordpress\/wp-content\/uploads\/2025\/03\/dimenticati2-217x300.jpg\" data-large-file=\"https:\/\/www.anpimauriziogiglio.it\/wordpress\/wp-content\/uploads\/2025\/03\/dimenticati2.jpg\" class=\"size-medium wp-image-571 alignleft\" src=\"https:\/\/www.anpimauriziogiglio.it\/wordpress\/wp-content\/uploads\/2025\/03\/dimenticati2-217x300.jpg\" alt=\"\" width=\"217\" height=\"300\" srcset=\"https:\/\/www.anpimauriziogiglio.it\/wordpress\/wp-content\/uploads\/2025\/03\/dimenticati2-217x300.jpg 217w, https:\/\/www.anpimauriziogiglio.it\/wordpress\/wp-content\/uploads\/2025\/03\/dimenticati2.jpg 593w\" sizes=\"auto, (max-width: 217px) 100vw, 217px\" \/>Beh, un bel salto dalla tranquilla vita di impiegato. Un salto enorme. Ferito per due volte in battaglia, per la gravit\u00e0 della seconda ferita si vede amputare la gamba destra. <img loading=\"lazy\" decoding=\"async\" data-attachment-id=\"570\" data-permalink=\"https:\/\/www.anpimauriziogiglio.it\/wordpress\/index.php\/2025\/03\/09\/quanti_dimenticati\/dimenticati3\/\" data-orig-file=\"https:\/\/www.anpimauriziogiglio.it\/wordpress\/wp-content\/uploads\/2025\/03\/dimenticati3.jpg\" data-orig-size=\"596,823\" data-comments-opened=\"0\" data-image-meta=\"{&quot;aperture&quot;:&quot;0&quot;,&quot;credit&quot;:&quot;&quot;,&quot;camera&quot;:&quot;&quot;,&quot;caption&quot;:&quot;&quot;,&quot;created_timestamp&quot;:&quot;0&quot;,&quot;copyright&quot;:&quot;&quot;,&quot;focal_length&quot;:&quot;0&quot;,&quot;iso&quot;:&quot;0&quot;,&quot;shutter_speed&quot;:&quot;0&quot;,&quot;title&quot;:&quot;&quot;,&quot;orientation&quot;:&quot;0&quot;}\" data-image-title=\"dimenticati3\" data-image-description=\"\" data-image-caption=\"\" data-medium-file=\"https:\/\/www.anpimauriziogiglio.it\/wordpress\/wp-content\/uploads\/2025\/03\/dimenticati3-217x300.jpg\" data-large-file=\"https:\/\/www.anpimauriziogiglio.it\/wordpress\/wp-content\/uploads\/2025\/03\/dimenticati3.jpg\" class=\"size-medium wp-image-570 alignright\" src=\"https:\/\/www.anpimauriziogiglio.it\/wordpress\/wp-content\/uploads\/2025\/03\/dimenticati3-217x300.jpg\" alt=\"\" width=\"217\" height=\"300\" srcset=\"https:\/\/www.anpimauriziogiglio.it\/wordpress\/wp-content\/uploads\/2025\/03\/dimenticati3-217x300.jpg 217w, https:\/\/www.anpimauriziogiglio.it\/wordpress\/wp-content\/uploads\/2025\/03\/dimenticati3.jpg 596w\" sizes=\"auto, (max-width: 217px) 100vw, 217px\" \/>L\u2019impiegato Armando Badella allora si sar\u00e0 rifugiato, viste le sue condizioni, dove potersi ristabilire e aspettare la fine del Conflitto? No.<\/p>\n<p>Il partigiano Tigre, l\u2019impiegato Armando Badella continua a combattere \u201cper quanto gravemente minorato nella sua efficienza fisica, fino alla vittoria\u201d.<\/p>\n<p>Vabb\u00e8, allora finita la Guerra, con la sua medaglia al petto, sar\u00e0 tornato a svolgere i tranquilli compiti di un impiegato, un \u201ctravet\u201d, come avrebbero detto dalle sue parti. Forse s\u00ec, forse la serenit\u00e0 di un lavoro di scrivania era quel che ci voleva, dopo tante sofferenze. <img loading=\"lazy\" decoding=\"async\" data-attachment-id=\"569\" data-permalink=\"https:\/\/www.anpimauriziogiglio.it\/wordpress\/index.php\/2025\/03\/09\/quanti_dimenticati\/dimenticati4-jpg\/\" data-orig-file=\"https:\/\/www.anpimauriziogiglio.it\/wordpress\/wp-content\/uploads\/2025\/03\/dimenticati4.jpg.jpg\" data-orig-size=\"401,179\" data-comments-opened=\"0\" data-image-meta=\"{&quot;aperture&quot;:&quot;0&quot;,&quot;credit&quot;:&quot;&quot;,&quot;camera&quot;:&quot;&quot;,&quot;caption&quot;:&quot;&quot;,&quot;created_timestamp&quot;:&quot;0&quot;,&quot;copyright&quot;:&quot;&quot;,&quot;focal_length&quot;:&quot;0&quot;,&quot;iso&quot;:&quot;0&quot;,&quot;shutter_speed&quot;:&quot;0&quot;,&quot;title&quot;:&quot;&quot;,&quot;orientation&quot;:&quot;0&quot;}\" data-image-title=\"dimenticati4.jpg\" data-image-description=\"\" data-image-caption=\"\" data-medium-file=\"https:\/\/www.anpimauriziogiglio.it\/wordpress\/wp-content\/uploads\/2025\/03\/dimenticati4.jpg-300x134.jpg\" data-large-file=\"https:\/\/www.anpimauriziogiglio.it\/wordpress\/wp-content\/uploads\/2025\/03\/dimenticati4.jpg.jpg\" class=\"size-medium wp-image-569 alignright\" src=\"https:\/\/www.anpimauriziogiglio.it\/wordpress\/wp-content\/uploads\/2025\/03\/dimenticati4.jpg-300x134.jpg\" alt=\"\" width=\"300\" height=\"134\" srcset=\"https:\/\/www.anpimauriziogiglio.it\/wordpress\/wp-content\/uploads\/2025\/03\/dimenticati4.jpg-300x134.jpg 300w, https:\/\/www.anpimauriziogiglio.it\/wordpress\/wp-content\/uploads\/2025\/03\/dimenticati4.jpg.jpg 401w\" sizes=\"auto, (max-width: 300px) 100vw, 300px\" \/>Per\u00f2 non torn\u00f2 di certo a fare il suo lavoro di prima della clandestinit\u00e0. Gi\u00e0.<\/p>\n<p>Perch\u00e9 l\u2019impiegato Armando Badella in realt\u00e0 era la guardia Badella Armando di Carlo, nominato allievo agente nel maggio del 1941, neanche 19enne.<\/p>\n<p>E tutto questo probabilmente riemerge solo ora, grazie all\u2019affannoso spulciare pagine e pagine di schedari. Dell\u2019eroismo e della solidit\u00e0 di una scelta che ti fa combattere anche senza una gamba si pu\u00f2 allora forse parlare in due modi: passando alla Storia come Enrico Toti o dimenticato come Armando Badella.<img loading=\"lazy\" decoding=\"async\" data-attachment-id=\"567\" data-permalink=\"https:\/\/www.anpimauriziogiglio.it\/wordpress\/index.php\/2025\/03\/09\/quanti_dimenticati\/dimenticati6-jpg\/\" data-orig-file=\"https:\/\/www.anpimauriziogiglio.it\/wordpress\/wp-content\/uploads\/2025\/03\/dimenticati6.jpg.jpg\" data-orig-size=\"440,108\" data-comments-opened=\"0\" data-image-meta=\"{&quot;aperture&quot;:&quot;0&quot;,&quot;credit&quot;:&quot;&quot;,&quot;camera&quot;:&quot;&quot;,&quot;caption&quot;:&quot;&quot;,&quot;created_timestamp&quot;:&quot;0&quot;,&quot;copyright&quot;:&quot;&quot;,&quot;focal_length&quot;:&quot;0&quot;,&quot;iso&quot;:&quot;0&quot;,&quot;shutter_speed&quot;:&quot;0&quot;,&quot;title&quot;:&quot;&quot;,&quot;orientation&quot;:&quot;0&quot;}\" data-image-title=\"dimenticati6.jpg\" data-image-description=\"\" data-image-caption=\"\" data-medium-file=\"https:\/\/www.anpimauriziogiglio.it\/wordpress\/wp-content\/uploads\/2025\/03\/dimenticati6.jpg-300x74.jpg\" data-large-file=\"https:\/\/www.anpimauriziogiglio.it\/wordpress\/wp-content\/uploads\/2025\/03\/dimenticati6.jpg.jpg\" class=\"size-medium wp-image-567 alignright\" src=\"https:\/\/www.anpimauriziogiglio.it\/wordpress\/wp-content\/uploads\/2025\/03\/dimenticati6.jpg-300x74.jpg\" alt=\"\" width=\"300\" height=\"74\" srcset=\"https:\/\/www.anpimauriziogiglio.it\/wordpress\/wp-content\/uploads\/2025\/03\/dimenticati6.jpg-300x74.jpg 300w, https:\/\/www.anpimauriziogiglio.it\/wordpress\/wp-content\/uploads\/2025\/03\/dimenticati6.jpg.jpg 440w\" sizes=\"auto, (max-width: 300px) 100vw, 300px\" \/><img loading=\"lazy\" decoding=\"async\" data-attachment-id=\"568\" data-permalink=\"https:\/\/www.anpimauriziogiglio.it\/wordpress\/index.php\/2025\/03\/09\/quanti_dimenticati\/dimenticati5\/\" data-orig-file=\"https:\/\/www.anpimauriziogiglio.it\/wordpress\/wp-content\/uploads\/2025\/03\/dimenticati5-e1741537904265.jpg\" data-orig-size=\"377,180\" data-comments-opened=\"0\" data-image-meta=\"{&quot;aperture&quot;:&quot;0&quot;,&quot;credit&quot;:&quot;&quot;,&quot;camera&quot;:&quot;&quot;,&quot;caption&quot;:&quot;&quot;,&quot;created_timestamp&quot;:&quot;0&quot;,&quot;copyright&quot;:&quot;&quot;,&quot;focal_length&quot;:&quot;0&quot;,&quot;iso&quot;:&quot;0&quot;,&quot;shutter_speed&quot;:&quot;0&quot;,&quot;title&quot;:&quot;&quot;,&quot;orientation&quot;:&quot;0&quot;}\" data-image-title=\"dimenticati5\" data-image-description=\"\" data-image-caption=\"\" data-medium-file=\"https:\/\/www.anpimauriziogiglio.it\/wordpress\/wp-content\/uploads\/2025\/03\/dimenticati5-e1741537904265-300x143.jpg\" data-large-file=\"https:\/\/www.anpimauriziogiglio.it\/wordpress\/wp-content\/uploads\/2025\/03\/dimenticati5-e1741537904265.jpg\" class=\"size-medium wp-image-568 alignleft\" src=\"https:\/\/www.anpimauriziogiglio.it\/wordpress\/wp-content\/uploads\/2025\/03\/dimenticati5-244x300.jpg\" alt=\"\" width=\"244\" height=\"300\" \/><\/p>\n<p>&nbsp;<\/p>\n<p>&nbsp;<\/p>\n<p>Caro \u201cTigre\u201d, ora che ti abbiamo ritrovato, non ti dimenticheremo pi\u00f9.<\/p>\n<p>&nbsp;<\/p>\n<p>&nbsp;<\/p>\n<p>\n<\/div><\/div><\/div><\/div><\/div><\/div><\/div><!-- cell_inner --><\/div><!-- cell --><\/div><!-- port --><\/section><section data-bb-version=\"5.2.5\" id=\"bt_bb_section69f3ba74ec5ad\" class=\"bt_bb_section bt_bb_layout_boxed_1200\"  data-bt-override-class=\"null\"><div class=\"bt_bb_port\"><div class=\"bt_bb_cell\"><div class=\"bt_bb_cell_inner\"><div class=\"bt_bb_row \"  data-bt-override-class=\"{}\"><div class=\"bt_bb_row_holder\" ><div data-bb-version=\"5.2.5\"  class=\"bt_bb_column col-xxl-12 col-xl-12 col-xs-12 col-sm-12 col-md-12 col-lg-12 bt_bb_vertical_align_top bt_bb_align_left bt_bb_padding_normal\" style=\"; --column-width:12;\" data-width=\"12\" data-bt-override-class=\"{}\"><div class=\"bt_bb_column_content\"><div class=\"bt_bb_column_content_inner\"><div data-bb-version=\"5.2.6\" class=\"bt_bb_separator_v2 bt_bb_border_style_none bt_bb_top_spacing_none bt_bb_bottom_spacing_none bt_bb_border_thickness_1 bt_bb_icon_size_normal bt_bb_text_size_normal bt_bb_separator_v2_without_content\" data-bt-override-class=\"{&quot;bt_bb_top_spacing_&quot;:{&quot;current_class&quot;:&quot;bt_bb_top_spacing_none&quot;,&quot;def&quot;:&quot;none&quot;},&quot;bt_bb_bottom_spacing_&quot;:{&quot;current_class&quot;:&quot;bt_bb_bottom_spacing_none&quot;,&quot;def&quot;:&quot;none&quot;},&quot;bt_bb_border_thickness_&quot;:{&quot;current_class&quot;:&quot;bt_bb_border_thickness_1&quot;,&quot;def&quot;:&quot;1&quot;},&quot;bt_bb_icon_size_&quot;:{&quot;current_class&quot;:&quot;bt_bb_icon_size_normal&quot;,&quot;def&quot;:&quot;normal&quot;},&quot;bt_bb_text_size_&quot;:{&quot;current_class&quot;:&quot;bt_bb_text_size_normal&quot;,&quot;def&quot;:&quot;normal&quot;},&quot;bt_bb_animation_&quot;:{&quot;current_class&quot;:&quot;bt_bb_animation_no_animation&quot;,&quot;def&quot;:&quot;no_animation&quot;}}\"><div class=\"bt_bb_separator_v2_inner\"><span class=\"bt_bb_separator_v2_inner_before\"><\/span><span class=\"bt_bb_separator_v2_inner_content\"><span  data-ico-=\"\" class=\"bt_bb_icon_holder\"><\/span><\/span><span class=\"bt_bb_separator_v2_inner_after\"><\/span><\/div><\/div><\/div><\/div><\/div><\/div><\/div><\/div><!-- cell_inner --><\/div><!-- cell --><\/div><!-- port --><\/section><section data-bb-version=\"5.2.5\" id=\"bt_bb_section69f3ba74ecc4f\" class=\"bt_bb_section bt_bb_layout_boxed_1200\"  data-bt-override-class=\"null\"><div class=\"bt_bb_port\"><div class=\"bt_bb_cell\"><div class=\"bt_bb_cell_inner\"><div class=\"bt_bb_row \"  data-bt-override-class=\"{}\"><div class=\"bt_bb_row_holder\" ><div data-bb-version=\"5.2.5\"  class=\"bt_bb_column col-xxl-12 col-xl-12 col-xs-12 col-sm-12 col-md-12 col-lg-12 bt_bb_vertical_align_top bt_bb_align_left bt_bb_padding_normal\" style=\"; --column-width:12;\" data-width=\"12\" data-bt-override-class=\"{}\"><div class=\"bt_bb_column_content\"><div class=\"bt_bb_column_content_inner\"><div data-bb-version=\"5.3.7\" class=\"bt_bb_button bt_bb_icon_position_left bt_bb_style_outline bt_bb_size_small bt_bb_width_inline bt_bb_shape_inherit bt_bb_target_self bt_bb_text_transform_inherit bt_bb_align_inherit\" data-bt-override-class=\"{&quot;bt_bb_size_&quot;:{&quot;current_class&quot;:&quot;bt_bb_size_small&quot;,&quot;def&quot;:&quot;small&quot;},&quot;bt_bb_align_&quot;:{&quot;current_class&quot;:&quot;bt_bb_align_inherit&quot;,&quot;def&quot;:&quot;inherit&quot;},&quot;bt_bb_animation_&quot;:{&quot;current_class&quot;:&quot;bt_bb_animation_no_animation&quot;,&quot;def&quot;:&quot;no_animation&quot;}}\"><a href=\"https:\/\/www.anpimauriziogiglio.it\/wordpress\/index.php\/le_storie\/\" target=\"_self\" class=\"bt_bb_link\" title=\"TORNA ALLELENCO\"><span class=\"bt_bb_button_text\" >TORNA ALLELENCO<\/span><span  data-ico-fa=\"&#xf0c9;\" class=\"bt_bb_icon_holder\"><\/span><\/a><\/div><\/div><\/div><\/div><\/div><\/div><\/div><!-- cell_inner --><\/div><!-- cell --><\/div><!-- port --><\/section><\/p>\n","protected":false},"excerpt":{"rendered":"","protected":false},"author":4,"featured_media":568,"comment_status":"closed","ping_status":"closed","sticky":false,"template":"","format":"standard","meta":{"advanced_seo_description":"","jetpack_seo_html_title":"","jetpack_seo_noindex":false,"_jetpack_memberships_contains_paid_content":false,"footnotes":"","jetpack_publicize_message":"","jetpack_publicize_feature_enabled":true,"jetpack_social_post_already_shared":true,"jetpack_social_options":{"image_generator_settings":{"template":"highway","default_image_id":0,"font":"","enabled":false},"version":2},"beyondwords_generate_audio":"1","beyondwords_integration_method":"","beyondwords_project_id":"48285","beyondwords_content_id":"2ea7101c-6036-4b95-9ce5-bdebab88c848","beyondwords_preview_token":"3b923f60-f853-46b3-a5df-ec73e8391cec","beyondwords_player_content":"","beyondwords_player_style":"standard","beyondwords_language_code":"it_IT","beyondwords_language_id":"","beyondwords_title_voice_id":"2101","beyondwords_body_voice_id":"2101","beyondwords_summary_voice_id":"2101","beyondwords_error_message":"#404: Not Found","beyondwords_disabled":"","beyondwords_delete_content":"","beyondwords_podcast_id":"","beyondwords_hash":"","publish_post_to_speechkit":"","speechkit_hash":"","speechkit_generate_audio":"","speechkit_project_id":"","speechkit_podcast_id":"","speechkit_error_message":"","speechkit_disabled":"","speechkit_access_key":"","speechkit_error":"","speechkit_info":"","speechkit_response":"","speechkit_retries":"","speechkit_status":"","speechkit_updated_at":"","_speechkit_link":"","_speechkit_text":""},"categories":[18],"tags":[],"class_list":["post-566","post","type-post","status-publish","format-standard","has-post-thumbnail","hentry","category-storie"],"jetpack_publicize_connections":[],"jetpack_featured_media_url":"https:\/\/www.anpimauriziogiglio.it\/wordpress\/wp-content\/uploads\/2025\/03\/dimenticati5-e1741537904265.jpg","jetpack_sharing_enabled":true,"_links":{"self":[{"href":"https:\/\/www.anpimauriziogiglio.it\/wordpress\/index.php\/wp-json\/wp\/v2\/posts\/566","targetHints":{"allow":["GET"]}}],"collection":[{"href":"https:\/\/www.anpimauriziogiglio.it\/wordpress\/index.php\/wp-json\/wp\/v2\/posts"}],"about":[{"href":"https:\/\/www.anpimauriziogiglio.it\/wordpress\/index.php\/wp-json\/wp\/v2\/types\/post"}],"author":[{"embeddable":true,"href":"https:\/\/www.anpimauriziogiglio.it\/wordpress\/index.php\/wp-json\/wp\/v2\/users\/4"}],"replies":[{"embeddable":true,"href":"https:\/\/www.anpimauriziogiglio.it\/wordpress\/index.php\/wp-json\/wp\/v2\/comments?post=566"}],"version-history":[{"count":3,"href":"https:\/\/www.anpimauriziogiglio.it\/wordpress\/index.php\/wp-json\/wp\/v2\/posts\/566\/revisions"}],"predecessor-version":[{"id":697,"href":"https:\/\/www.anpimauriziogiglio.it\/wordpress\/index.php\/wp-json\/wp\/v2\/posts\/566\/revisions\/697"}],"wp:featuredmedia":[{"embeddable":true,"href":"https:\/\/www.anpimauriziogiglio.it\/wordpress\/index.php\/wp-json\/wp\/v2\/media\/568"}],"wp:attachment":[{"href":"https:\/\/www.anpimauriziogiglio.it\/wordpress\/index.php\/wp-json\/wp\/v2\/media?parent=566"}],"wp:term":[{"taxonomy":"category","embeddable":true,"href":"https:\/\/www.anpimauriziogiglio.it\/wordpress\/index.php\/wp-json\/wp\/v2\/categories?post=566"},{"taxonomy":"post_tag","embeddable":true,"href":"https:\/\/www.anpimauriziogiglio.it\/wordpress\/index.php\/wp-json\/wp\/v2\/tags?post=566"}],"curies":[{"name":"wp","href":"https:\/\/api.w.org\/{rel}","templated":true}]}}