{"id":577,"date":"2025-03-16T15:04:26","date_gmt":"2025-03-16T14:04:26","guid":{"rendered":"https:\/\/www.anpimauriziogiglio.it\/wordpress\/?p=577"},"modified":"2025-06-05T12:20:57","modified_gmt":"2025-06-05T10:20:57","slug":"ardenza","status":"publish","type":"post","link":"https:\/\/www.anpimauriziogiglio.it\/wordpress\/index.php\/2025\/03\/16\/ardenza\/","title":{"rendered":"QUEI GIORNI ALL&#8217;ARDENZA"},"content":{"rendered":"<p><section data-bb-version=\"5.2.5\" id=\"bt_bb_section69f3a99a78cb0\" class=\"bt_bb_section bt_bb_layout_boxed_1200\"  data-bt-override-class=\"null\"><div class=\"bt_bb_port\"><div class=\"bt_bb_cell\"><div class=\"bt_bb_cell_inner\"><div class=\"bt_bb_row \"  data-bt-override-class=\"{}\"><div class=\"bt_bb_row_holder\" ><div data-bb-version=\"5.2.5\"  class=\"bt_bb_column col-xxl-12 col-xl-12 col-xs-12 col-sm-12 col-md-12 col-lg-12 bt_bb_vertical_align_middle bt_bb_align_left bt_bb_padding_none\" style=\"; --column-width:12;\" data-width=\"12\" data-bt-override-class=\"{&quot;bt_bb_padding_&quot;:{&quot;current_class&quot;:&quot;bt_bb_padding_none&quot;,&quot;def&quot;:&quot;none&quot;}}\"><div class=\"bt_bb_column_content\"><div class=\"bt_bb_column_content_inner\"><div data-bb-version=\"5.2.5\"  class=\"bt_bb_text\" ><\/p>\n<p>Ho studiato storia ed archeologia e se soffrissi della \u201csindrome di Stendhal\u201d sarebbe per me una rovina ritrovandomi colpito da raptus e tremori al cospetto di tutto quel che ho visionato o incontrato nel corso dei miei studi.<\/p>\n<p>Eppure, pur non credendo per mia formazione culturale e personale, questa storia \u00e8 cos\u00ec piena di coincidenze da sentirmi spinto a dover pensare il contrario.<\/p>\n<p>Ogni singolo rigo di quel che leggerete \u00e8 un incrociarsi di vite e di \u201ccoincidenze\u201d cos\u00ec potenti da avermi costretto a fermarmi molte volte, durante la ricerca e la lettura dei documenti trovati, per stupirmi. Molte volte, perch\u00e8 coinvolto dal mio trascorso professionale palermitano in cui intorno a me ho visto cadere molti colleghi che erano miei personali amici, ho dovuto togliere lo sguardo dalla lettura per la mia vista annebbiata dalle lacrime. Cos\u00ec tanta \u00e8 la crudelt\u00e0 e la malvagit\u00e0 subita dai nostri 8 caduti che ho trovato in quelle carte!<\/p>\n<p>Da quando mi sono trasferito a Livorno ho preso a vivere nel quartiere\/borgo di Ardenza in una via senza uscita al cui inizio insiste un edificio difforme da quelli che lo circondano tanto che, passandovi sotto infinite volte, il mio occhio allenato alle differenze architettoniche ne rilevava elementi in contrasto al circondario. Come l&#8217;ingresso a scaloni in stile essenziale, le finestre pi\u00f9 rialzate del normale dal piano stradale, il balcone di tipo \u201creale\u201d o \u201cpatronale\u201d, un inserto metallico portabandiera ed il sostegno pure in metallo per uno scudo o per un emblema. La cassetta \u201cposte reali\u201d murata nel concreto dell&#8217;ingresso portava ancora l&#8217;effige del servizio postale dei Savoia. Tutte le volte passando l\u00ec davanti mi voltavo a guardare cercando elementi nuovi sfuggiti precedentemente.<\/p>\n<p>Succede cos\u00ec che in un pomeriggio di noia in ufficio, avendo finito tutto quel che dovevo fare, per mera lettura \u201cpassatempo\u201d scorro le motivazioni per cui l&#8217;edificio in cui lavoro \u00e8 intitolato ad un giovane S. Tenente delle Guardie di P.S. Che comandava la &lt;&lt;Tenenza di Ardenza&gt;&gt;. Al leggere \u201cArdenza\u201d mi addentro nella primissima ricerca scoprendo con mio stupore che proprio quell&#8217;edificio che avevo osservato al numero 13 era esattamente la sede della Tenenza.<\/p>\n<p>Inizia cos\u00ec, per sola noia, una ricerca che sapevo mi avrebbe travolto ma mai avrei immaginato mi avrebbe stravolto.<\/p>\n<p>Raccolgo le prime carte ufficiali, che provenivano da un remoto 1949, e la storia non stava bene in piedi. Da vecchio e consumato \u201csceriffo\u201d molte cose tra loro non si incasellavano e vi erano tratti mancanti grandi come voragini. Approfittando del dover comprare la cena da un amico ristoratore della zona da questi scopro che la novantaseienne madre ha abitato tutta la sua vita la casa di fronte la Tenenza e gli chiedo cos\u00ec di portarmi a fare una chiacchierata con la donna che sar\u00e0 ancora una volta fonte di stupore. La Signora Maria ricordava lucidamente tutto. Ricordava il giovane ufficiale napoletano e la sua giovanissima moglie, ricordava un bell&#8217;uomo con i baffi alla Amedeo Nazari e ricordava un giovane siciliano capace di costruire e ruote in legno e ferro per le biciclette. Prendo cos\u00ec l&#8217;elenco degli 8 fucilati e scopro che le vite continuano ad incrociarsi. Ben due tra loro si chiamano Orlando come me e che la storia \u00e8 strapiena di siciliani esattamente come il sottoscritto. Soprattutto la donna mi spiega che i poliziotti della Tenenza di Ardenza erano visti e vissuti dagli ardenzini (li chiamano cos\u00ec gli abitanti del borgo) come una affidabile risorsa e non come nemici al soldo del dittatore. Mi riempie di aneddoti e di storie. Sento cos\u00ec di dovermi portare subito dal Questore di Livorno per chiederle di autorizzarmi a spulciare gli archivi. Senza nemmeno farsi pregare mi mette in contatto con la direttrice dell&#8217;Archivio Storico della Citt\u00e0 che scopro essere letteralmente privo del c.d. \u201cfondo questura\u201d e questo perch\u00e8 nel 1943 venne dato ordine di distruggere tutto in concomitanza con l&#8217;avanzare degli alleati. Mi rivolgo quindi all&#8217;Archivio di Stato Centrale di Roma dove comincio la ricerca frammentaria di pezzi di documenti senza alcun valore per la mia ricerca. Mi imbatto per caso ad un rimando all&#8217;Archivio Nazionale di Washington. Comincio subito, con l&#8217;aiuto di un tutor online, la ricerca documentale. Al loro arrivo gli americani microfilmeranno tutto. 1800 files contenenti centinaia di fotofilm cadauno spesso praticamente non utili. Preso dallo sconforto passo le notti a scartabellare questi archivi quando dentro un fascicolo letteralmente anonimo che parlava di agricoltura trovo una lettera scritta dal Questore della Livorno liberata Salvatore Li Voti (manco a dirlo un altro siciliano) in cui racconta al ministro dell&#8217;interno la vera storia non difforme ma parecchio differente da quella a noi arrivata. Scoppio a piangere perch\u00e8 se era gi\u00e0 terribile quella conosciuta questa era anche peggio e per tanti versi anche pi\u00f9 crudele. I nostri 8 forse e con grandi possibilit\u00e0 furono 9 poich\u00e9 uno rester\u00e0 NON riconosciuto e quindi ignoto. Le sevizie a cui furono sottoposti durarono 4 giorni e nelle notti silenziose delle campagne intorno i Colli Livornesi le loro urla di dolore furono udite dagli abitanti della zona e poi le stranezze di quei pezzi che alla storia di primo acchitto mi mancavano e che adesso avevano un loro riempimento. Una ragazzina presa a verbale racconter\u00e0 di aver visto arrivare un camion da cui discesero 20 soldati vestiti di nero che parlavano italiano (noi abbiamo sempre saputo furono i tedeschi) e le carte parlavano anche di loschi figuri orbitanti intorno a questi fatti crudeli. Provarono con ogni probabilit\u00e0 la fuga tant&#8217;\u00e8 che erano parzialmente in abiti civili ed il nono ignoto fu visto aiutarli a fuggire venendo raggiunto e freddato poco pi\u00f9 in l\u00e0. Sei in una localit\u00e0 ed altri due altrove a circa una decina di chilometri sono il mistero che nella ricerca che continua voglio risolvere. Tante coincidenze e tanti fatti che a noi non erano arrivati. Con tutto quello che avevo trovato corro, realmente di corsa, dal Questore per raccontarle tutto e proporle di provare a chiedere quelle pietre d&#8217;inciampo che abbiamo da poco installato.<\/p>\n<p>Comincio cos\u00ec a cercare i parenti uno per uno trovando le due figlie in vita di uno degli assassinati ed i nipoti. Mi portano le foto, le medaglie, piccoli oggetti riemersi dall&#8217;oblio cominciato nel 1974 con la consegna delle benemerenze e l&#8217;applicazione di una lapide in loro memoria davanti la Questura. Quando vennero a trovarmi in ufficio le due Signore Copernico ci siamo abbracciati ed abbiamo pianto insieme. Io sapevo cosa avevo letto nell&#8217;autopsia del loro padre ma non ho voluto intenzionalmente parlarne. Me le sono abbracciate forte mentre mi raccontavano gli anni di tristezza vissuti senza un padre eroe.<\/p>\n<p>La mia ricerca non si \u00e8 ancora fermata perch\u00e8 sto rimettendo in piedi alcuni pezzi di una storia lontana nel tempo ma sempre attuale. Storia fatta con il sacrificio di gente semplice che serviva un Paese dilaniato ed il suo popolo ma fatta anche di grande coraggio.<\/p>\n<p>Vi aggiorner\u00f2 presto sul resto del materiale che sto studiando.<\/p>\n<p><iframe loading=\"lazy\" title=\"Liberazione Livorno 1974\" width=\"950\" height=\"713\" src=\"https:\/\/www.youtube.com\/embed\/9oQDxs0Ek7s?feature=oembed\" frameborder=\"0\" allow=\"accelerometer; autoplay; clipboard-write; encrypted-media; gyroscope; picture-in-picture; web-share\" referrerpolicy=\"strict-origin-when-cross-origin\" allowfullscreen><\/iframe><\/p>\n<p>\n<\/div><\/div><\/div><\/div><\/div><\/div><\/div><!-- cell_inner --><\/div><!-- cell --><\/div><!-- port --><\/section><section data-bb-version=\"5.2.5\" id=\"bt_bb_section69f3a99a79186\" class=\"bt_bb_section bt_bb_layout_boxed_1200\"  data-bt-override-class=\"null\"><div class=\"bt_bb_port\"><div class=\"bt_bb_cell\"><div class=\"bt_bb_cell_inner\"><div class=\"bt_bb_row \"  data-bt-override-class=\"{}\"><div class=\"bt_bb_row_holder\" ><div data-bb-version=\"5.2.5\"  class=\"bt_bb_column col-xxl-12 col-xl-12 col-xs-12 col-sm-12 col-md-12 col-lg-12 bt_bb_vertical_align_top bt_bb_align_left bt_bb_padding_normal\" style=\"; --column-width:12;\" data-width=\"12\" data-bt-override-class=\"{}\"><div class=\"bt_bb_column_content\"><div class=\"bt_bb_column_content_inner\"><div data-bb-version=\"5.2.5\" class=\"bt_bb_separator_v2 bt_bb_border_style_none bt_bb_top_spacing_none bt_bb_bottom_spacing_none bt_bb_border_thickness_1 bt_bb_icon_size_normal bt_bb_text_size_normal bt_bb_separator_v2_without_content\" data-bt-override-class=\"{&quot;bt_bb_top_spacing_&quot;:{&quot;current_class&quot;:&quot;bt_bb_top_spacing_none&quot;,&quot;def&quot;:&quot;none&quot;},&quot;bt_bb_bottom_spacing_&quot;:{&quot;current_class&quot;:&quot;bt_bb_bottom_spacing_none&quot;,&quot;def&quot;:&quot;none&quot;},&quot;bt_bb_border_thickness_&quot;:{&quot;current_class&quot;:&quot;bt_bb_border_thickness_1&quot;,&quot;def&quot;:&quot;1&quot;},&quot;bt_bb_icon_size_&quot;:{&quot;current_class&quot;:&quot;bt_bb_icon_size_normal&quot;,&quot;def&quot;:&quot;normal&quot;},&quot;bt_bb_text_size_&quot;:{&quot;current_class&quot;:&quot;bt_bb_text_size_normal&quot;,&quot;def&quot;:&quot;normal&quot;},&quot;bt_bb_animation_&quot;:{&quot;current_class&quot;:&quot;bt_bb_animation_no_animation&quot;,&quot;def&quot;:&quot;no_animation&quot;}}\"><div class=\"bt_bb_separator_v2_inner\"><span class=\"bt_bb_separator_v2_inner_before\"><\/span><span class=\"bt_bb_separator_v2_inner_content\"><span  data-ico-=\"\" class=\"bt_bb_icon_holder\"><\/span><\/span><span class=\"bt_bb_separator_v2_inner_after\"><\/span><\/div><\/div><\/div><\/div><\/div><\/div><\/div><\/div><!-- cell_inner --><\/div><!-- cell --><\/div><!-- port --><\/section><section data-bb-version=\"5.2.5\" id=\"bt_bb_section69f3a99a797de\" class=\"bt_bb_section bt_bb_layout_boxed_1200\"  data-bt-override-class=\"null\"><div class=\"bt_bb_port\"><div class=\"bt_bb_cell\"><div class=\"bt_bb_cell_inner\"><div class=\"bt_bb_row \"  data-bt-override-class=\"{}\"><div class=\"bt_bb_row_holder\" ><div data-bb-version=\"5.2.5\"  class=\"bt_bb_column col-xxl-12 col-xl-12 col-xs-12 col-sm-12 col-md-12 col-lg-12 bt_bb_vertical_align_middle bt_bb_align_center bt_bb_padding_none\" style=\"; --column-width:12;\" data-width=\"12\" data-bt-override-class=\"{&quot;bt_bb_align_&quot;:{&quot;current_class&quot;:&quot;bt_bb_align_center&quot;,&quot;def&quot;:&quot;center&quot;},&quot;bt_bb_padding_&quot;:{&quot;current_class&quot;:&quot;bt_bb_padding_none&quot;,&quot;def&quot;:&quot;none&quot;},&quot;bt_bb_animation_&quot;:{&quot;current_class&quot;:&quot;bt_bb_animation_no_animation&quot;,&quot;def&quot;:&quot;no_animation&quot;}}\"><div class=\"bt_bb_column_content\"><div class=\"bt_bb_column_content_inner\"><div data-bb-version=\"5.3.7\" class=\"bt_bb_button bt_bb_icon_position_left bt_bb_style_outline bt_bb_size_small bt_bb_width_inline bt_bb_shape_inherit bt_bb_target_self bt_bb_text_transform_inherit bt_bb_align_inherit\" data-bt-override-class=\"{&quot;bt_bb_size_&quot;:{&quot;current_class&quot;:&quot;bt_bb_size_small&quot;,&quot;def&quot;:&quot;small&quot;},&quot;bt_bb_align_&quot;:{&quot;current_class&quot;:&quot;bt_bb_align_inherit&quot;,&quot;def&quot;:&quot;inherit&quot;},&quot;bt_bb_animation_&quot;:{&quot;current_class&quot;:&quot;bt_bb_animation_no_animation&quot;,&quot;def&quot;:&quot;no_animation&quot;}}\"><a href=\"https:\/\/www.anpimauriziogiglio.it\/wordpress\/index.php\/le_storie\/\" target=\"_self\" class=\"bt_bb_link\" title=\"TORNA ALLELENCO\"><span class=\"bt_bb_button_text\" >TORNA ALLELENCO<\/span><span  data-ico-fa=\"&#xf0c9;\" class=\"bt_bb_icon_holder\"><\/span><\/a><\/div><\/div><\/div><\/div><\/div><\/div><\/div><!-- cell_inner --><\/div><!-- cell --><\/div><!-- port --><\/section><\/p>\n","protected":false},"excerpt":{"rendered":"","protected":false},"author":5,"featured_media":588,"comment_status":"closed","ping_status":"closed","sticky":false,"template":"","format":"standard","meta":{"advanced_seo_description":"","jetpack_seo_html_title":"","jetpack_seo_noindex":false,"_jetpack_memberships_contains_paid_content":false,"footnotes":"","jetpack_publicize_message":"","jetpack_publicize_feature_enabled":true,"jetpack_social_post_already_shared":true,"jetpack_social_options":{"image_generator_settings":{"template":"highway","default_image_id":0,"font":"","enabled":false},"version":2},"beyondwords_generate_audio":"1","beyondwords_integration_method":"","beyondwords_project_id":"48285","beyondwords_content_id":"7669fe17-a14d-4b70-83a0-5548d539484a","beyondwords_preview_token":"45fc13ae-0bb6-4823-a855-1370c5cfd348","beyondwords_player_content":"","beyondwords_player_style":"standard","beyondwords_language_code":"it_IT","beyondwords_language_id":"","beyondwords_title_voice_id":"2101","beyondwords_body_voice_id":"2101","beyondwords_summary_voice_id":"2101","beyondwords_error_message":"","beyondwords_disabled":"1","beyondwords_delete_content":"","beyondwords_podcast_id":"","beyondwords_hash":"","publish_post_to_speechkit":"","speechkit_hash":"","speechkit_generate_audio":"","speechkit_project_id":"","speechkit_podcast_id":"","speechkit_error_message":"","speechkit_disabled":"","speechkit_access_key":"","speechkit_error":"","speechkit_info":"","speechkit_response":"","speechkit_retries":"","speechkit_status":"","speechkit_updated_at":"","_speechkit_link":"","_speechkit_text":""},"categories":[18],"tags":[13,12],"class_list":["post-577","post","type-post","status-publish","format-standard","has-post-thumbnail","hentry","category-storie","tag-partigiani","tag-polizia"],"jetpack_publicize_connections":[],"jetpack_featured_media_url":"https:\/\/www.anpimauriziogiglio.it\/wordpress\/wp-content\/uploads\/2025\/03\/otto-di-ardenza.jpg","jetpack_sharing_enabled":true,"_links":{"self":[{"href":"https:\/\/www.anpimauriziogiglio.it\/wordpress\/index.php\/wp-json\/wp\/v2\/posts\/577","targetHints":{"allow":["GET"]}}],"collection":[{"href":"https:\/\/www.anpimauriziogiglio.it\/wordpress\/index.php\/wp-json\/wp\/v2\/posts"}],"about":[{"href":"https:\/\/www.anpimauriziogiglio.it\/wordpress\/index.php\/wp-json\/wp\/v2\/types\/post"}],"author":[{"embeddable":true,"href":"https:\/\/www.anpimauriziogiglio.it\/wordpress\/index.php\/wp-json\/wp\/v2\/users\/5"}],"replies":[{"embeddable":true,"href":"https:\/\/www.anpimauriziogiglio.it\/wordpress\/index.php\/wp-json\/wp\/v2\/comments?post=577"}],"version-history":[{"count":5,"href":"https:\/\/www.anpimauriziogiglio.it\/wordpress\/index.php\/wp-json\/wp\/v2\/posts\/577\/revisions"}],"predecessor-version":[{"id":696,"href":"https:\/\/www.anpimauriziogiglio.it\/wordpress\/index.php\/wp-json\/wp\/v2\/posts\/577\/revisions\/696"}],"wp:featuredmedia":[{"embeddable":true,"href":"https:\/\/www.anpimauriziogiglio.it\/wordpress\/index.php\/wp-json\/wp\/v2\/media\/588"}],"wp:attachment":[{"href":"https:\/\/www.anpimauriziogiglio.it\/wordpress\/index.php\/wp-json\/wp\/v2\/media?parent=577"}],"wp:term":[{"taxonomy":"category","embeddable":true,"href":"https:\/\/www.anpimauriziogiglio.it\/wordpress\/index.php\/wp-json\/wp\/v2\/categories?post=577"},{"taxonomy":"post_tag","embeddable":true,"href":"https:\/\/www.anpimauriziogiglio.it\/wordpress\/index.php\/wp-json\/wp\/v2\/tags?post=577"}],"curies":[{"name":"wp","href":"https:\/\/api.w.org\/{rel}","templated":true}]}}